{"id":38627,"date":"2021-06-11T20:08:54","date_gmt":"2021-06-11T23:08:54","guid":{"rendered":"http:\/\/vocesparalelas.com.ar\/sitio\/?p=38627"},"modified":"2021-06-13T22:33:22","modified_gmt":"2021-06-14T01:33:22","slug":"cronograma-de-pago-del-medio-aguinaldo-a-los-empleados-publicos-de-san-juan","status":"publish","type":"post","link":"https:\/\/vocesparalelas.com.ar\/sitio\/cronograma-de-pago-del-medio-aguinaldo-a-los-empleados-publicos-de-san-juan\/","title":{"rendered":"Cronograma de pago del medio aguinaldo a los empleados p\u00fablicos de San Juan"},"content":{"rendered":"<p>Los mismos ser\u00e1n acreditados en cajeros autom\u00e1ticos previo a la Festividad del D\u00eda del Padre con el fin de aportar al movimiento econ\u00f3mico en el comercio local.<\/p>\n<p>Tambi\u00e9n, para mantener el distanciamiento social y cuidar la salud de la poblaci\u00f3n, los haberes se encontrar\u00e1n acreditados seg\u00fan el siguiente cronograma:<\/p>\n<ul>\n<li>Jueves 17 de junio: terminaci\u00f3n de DNI 0, 1 y 2<\/li>\n<li>Viernes 18 de junio: terminaci\u00f3n de DNI 3, 4 y 5<\/li>\n<li>S\u00e1bado 19 de junio: terminaci\u00f3n de DNI 6, 7, 8 y 9<\/li>\n<\/ul>\n<p>Asimismo, se recuerda que los cajeros autom\u00e1ticos funcionan las 24 horas, por lo que se solicita evitar horarios y cajeros con gran afluencia de p\u00fablico, no asistir acompa\u00f1ados, usar tapabocas, mantener dos metros de distancia entre personas y desinfectar las manos luego del uso de cajeros y manipulaci\u00f3n de dinero.<\/p>\n<p>Tambi\u00e9n se solicita a la poblaci\u00f3n tener presente que est\u00e1n vigentes las extracciones con tarjeta de d\u00e9bito en los principales supermercados y estaciones de servicio de la provincia, entre otros comercios identificados con el logo de Visa &#8211; Extra cash.<\/p>\n<p>La forma m\u00e1s eficaz de luchar contra la pandemia es con la colaboraci\u00f3n y la responsabilidad de todos los sanjuaninos.<\/p>\n<p>&nbsp;<\/p>\n<p><img loading=\"lazy\" decoding=\"async\" class=\"alignnone wp-image-1245 size-large\" src=\"https:\/\/vocesparalelas.com.ar\/sitio\/wp-content\/uploads\/2017\/05\/CASA-DE-GOBIERNO-01-800x534.jpg\" alt=\"\" width=\"800\" height=\"534\" srcset=\"https:\/\/vocesparalelas.com.ar\/sitio\/wp-content\/uploads\/2017\/05\/CASA-DE-GOBIERNO-01.jpg 800w, https:\/\/vocesparalelas.com.ar\/sitio\/wp-content\/uploads\/2017\/05\/CASA-DE-GOBIERNO-01-300x200.jpg 300w, https:\/\/vocesparalelas.com.ar\/sitio\/wp-content\/uploads\/2017\/05\/CASA-DE-GOBIERNO-01-768x513.jpg 768w\" sizes=\"auto, (max-width: 800px) 100vw, 800px\" \/><\/p>\n","protected":false},"excerpt":{"rendered":"<p>Los mismos ser\u00e1n acreditados en cajeros autom\u00e1ticos previo a la Festividad del D\u00eda del Padre con el fin de aportar<\/p>\n","protected":false},"author":3,"featured_media":28417,"comment_status":"closed","ping_status":"closed","sticky":false,"template":"","format":"standard","meta":{"_acf_changed":false,"_seopress_robots_primary_cat":"none","_seopress_titles_title":"","_seopress_titles_desc":"","_seopress_robots_index":"","colormag_page_container_layout":"default_layout","colormag_page_sidebar_layout":"default_layout","footnotes":""},"categories":[6],"tags":[],"class_list":["post-38627","post","type-post","status-publish","format-standard","has-post-thumbnail","hentry","category-eventos"],"acf":[],"_links":{"self":[{"href":"https:\/\/vocesparalelas.com.ar\/sitio\/wp-json\/wp\/v2\/posts\/38627","targetHints":{"allow":["GET"]}}],"collection":[{"href":"https:\/\/vocesparalelas.com.ar\/sitio\/wp-json\/wp\/v2\/posts"}],"about":[{"href":"https:\/\/vocesparalelas.com.ar\/sitio\/wp-json\/wp\/v2\/types\/post"}],"author":[{"embeddable":true,"href":"https:\/\/vocesparalelas.com.ar\/sitio\/wp-json\/wp\/v2\/users\/3"}],"replies":[{"embeddable":true,"href":"https:\/\/vocesparalelas.com.ar\/sitio\/wp-json\/wp\/v2\/comments?post=38627"}],"version-history":[{"count":1,"href":"https:\/\/vocesparalelas.com.ar\/sitio\/wp-json\/wp\/v2\/posts\/38627\/revisions"}],"predecessor-version":[{"id":38629,"href":"https:\/\/vocesparalelas.com.ar\/sitio\/wp-json\/wp\/v2\/posts\/38627\/revisions\/38629"}],"wp:featuredmedia":[{"embeddable":true,"href":"https:\/\/vocesparalelas.com.ar\/sitio\/wp-json\/wp\/v2\/media\/28417"}],"wp:attachment":[{"href":"https:\/\/vocesparalelas.com.ar\/sitio\/wp-json\/wp\/v2\/media?parent=38627"}],"wp:term":[{"taxonomy":"category","embeddable":true,"href":"https:\/\/vocesparalelas.com.ar\/sitio\/wp-json\/wp\/v2\/categories?post=38627"},{"taxonomy":"post_tag","embeddable":true,"href":"https:\/\/vocesparalelas.com.ar\/sitio\/wp-json\/wp\/v2\/tags?post=38627"}],"curies":[{"name":"wp","href":"https:\/\/api.w.org\/{rel}","templated":true}]}}