{"id":38608,"date":"2021-06-10T23:13:10","date_gmt":"2021-06-11T02:13:10","guid":{"rendered":"http:\/\/vocesparalelas.com.ar\/sitio\/?p=38608"},"modified":"2021-06-13T20:15:24","modified_gmt":"2021-06-13T23:15:24","slug":"ante-la-suspension-de-las-elecciones-de-la-unsj-se-manifestaron-las-voces","status":"publish","type":"post","link":"https:\/\/vocesparalelas.com.ar\/sitio\/ante-la-suspension-de-las-elecciones-de-la-unsj-se-manifestaron-las-voces\/","title":{"rendered":"Ante la suspensi\u00f3n de las Elecciones de la UNSJ se manifestaron las voces"},"content":{"rendered":"<p>En el 2020 se deb\u00eda realizar las elecciones en la Universidad Nacional de San Juan para la renovaci\u00f3n de autoridades en todos los estamentos pero frente a la pandemia del COVID-19 el Consejo Superior dispuso una postergaci\u00f3n por un a\u00f1o hasta que la situaci\u00f3n sanitaria lo permitiera.<\/p>\n<p>Es as\u00ed que en el 2021, el Consejo Superior estableci\u00f3 el cronograma electoral fijando el 10 de Junio, fecha en la cual la comunidad de la UNSJ a trav\u00e9s del voto pod\u00eda elegir a las nuevas autoridades para los pr\u00f3ximos cuatro a\u00f1os.<\/p>\n<p>Es interesante recordar que se convierte en el n\u00famero 12 desde 1986, luego de la vuelta a la democracia, donde se elige rector, vice, decanos y vice, como as\u00ed tambi\u00e9n consejeros superiores y consejeros directivos, con la novedad que por primera vez la Escuela Universitaria de Ciencias de la Salud &#8211; EUCS &#8211; participa eligiendo a sus propias autoridades. La otra novedad es que las elecciones para Federaci\u00f3n Universitaria y Centros de Estudiante fueron postergadas, en virtud de la situaci\u00f3n sanitaria reinante.<\/p>\n<p>Todo listo, donde las cinco f\u00f3rmulas se presentan para conducir el Rectorado, en tanto que en las facultades la situaci\u00f3n es dis\u00edmil: mientras la FACSO tiene 4 f\u00f3rmulas compitiendo por el decanato, en la FFHA y FCEFN hay 2 y en la EUCS, en la FAUD y en Ingenier\u00eda se presentan 3 f\u00f3rmulas. Solamente dos decanos (FCEFN y FACSO) van por la reelecci\u00f3n, mientras que tambi\u00e9n tres aspiran al sill\u00f3n de Rectorado.<\/p>\n<p>Hasta la modificaci\u00f3n del r\u00e9gimen electoral, en 2001, la elecci\u00f3n del rector y vicerrector era una atribuci\u00f3n exclusiva de la Asamblea Universitaria, conformada por los consejeros superiores y consejeros directivos de las cinco facultades (todos elegidos por voto directo) y los cinco decanos, electos por los consejos directivos de sus respectivas facultades. Desde el a\u00f1o 2001, las autoridades universitarias se eligen por voto directo, posicionando as\u00ed a la UNSJ como una de las primeras universidades del pa\u00eds en dejar atr\u00e1s el sistema de elecci\u00f3n en asamblea.<\/p>\n<p>Es as\u00ed, que el 10 de Junio, todo cambi\u00f3 la situaci\u00f3n electoral frente a la Resoluci\u00f3n N\u00b0 4737\/2021 de la\u00a0C\u00e1mara Federal de Mendoza &#8211; SALA A resolvi\u00f3 suspender provisoriamente la realizaci\u00f3n del acto electoral en las condiciones y circunstancias que fueron convocado por las autoridades \u00a0de la Universidad Nacional de San Juan.<\/p>\n<p><a href=\"https:\/\/vocesparalelas.com.ar\/sitio\/wp-content\/uploads\/2021\/06\/UNSJ-document_5547_0.pdf\">UNSJ-document_5547_0<\/a><\/p>\n<p>Por ello, el Rector de la Universidad Nacional de San Juan, Dr. Oscar Nasisi convoc\u00f3 a todos los candidatos y expres\u00f3 la resoluci\u00f3n.<\/p>\n<p><img loading=\"lazy\" decoding=\"async\" class=\"alignnone wp-image-38619 size-full\" src=\"https:\/\/vocesparalelas.com.ar\/sitio\/wp-content\/uploads\/2021\/06\/UNSJ-ELECIONES-04.jpg\" alt=\"\" width=\"800\" height=\"533\" srcset=\"https:\/\/vocesparalelas.com.ar\/sitio\/wp-content\/uploads\/2021\/06\/UNSJ-ELECIONES-04.jpg 800w, https:\/\/vocesparalelas.com.ar\/sitio\/wp-content\/uploads\/2021\/06\/UNSJ-ELECIONES-04-300x200.jpg 300w, https:\/\/vocesparalelas.com.ar\/sitio\/wp-content\/uploads\/2021\/06\/UNSJ-ELECIONES-04-768x512.jpg 768w\" sizes=\"auto, (max-width: 800px) 100vw, 800px\" \/><\/p>\n<p>&nbsp;<\/p>\n<p><iframe loading=\"lazy\" title=\"UNSJ SUSPENSION ELECCIONES\" width=\"800\" height=\"450\" src=\"https:\/\/www.youtube.com\/embed\/nAZ_dZ0uozg?feature=oembed\" frameborder=\"0\" allow=\"accelerometer; autoplay; clipboard-write; encrypted-media; gyroscope; picture-in-picture\" allowfullscreen><\/iframe><\/p>\n<p>&nbsp;<\/p>\n<p>Posteriormente, \u201cSomos UNSJ\u201d Arq. Roberto G\u00f3mez y Dra. \u00a0Ana Naranjo<\/p>\n<p><img loading=\"lazy\" decoding=\"async\" class=\"alignnone wp-image-38617 size-full\" src=\"https:\/\/vocesparalelas.com.ar\/sitio\/wp-content\/uploads\/2021\/06\/UNSJ-ELECCIONES-09.jpg\" alt=\"\" width=\"800\" height=\"533\" srcset=\"https:\/\/vocesparalelas.com.ar\/sitio\/wp-content\/uploads\/2021\/06\/UNSJ-ELECCIONES-09.jpg 800w, https:\/\/vocesparalelas.com.ar\/sitio\/wp-content\/uploads\/2021\/06\/UNSJ-ELECCIONES-09-300x200.jpg 300w, https:\/\/vocesparalelas.com.ar\/sitio\/wp-content\/uploads\/2021\/06\/UNSJ-ELECCIONES-09-768x512.jpg 768w\" sizes=\"auto, (max-width: 800px) 100vw, 800px\" \/><\/p>\n<p>&nbsp;<\/p>\n<p><iframe loading=\"lazy\" title=\"UNSJ SUSPENSI\u00d3N ELECCIONES\" width=\"800\" height=\"450\" src=\"https:\/\/www.youtube.com\/embed\/5cpjO1q3QkY?feature=oembed\" frameborder=\"0\" allow=\"accelerometer; autoplay; clipboard-write; encrypted-media; gyroscope; picture-in-picture\" allowfullscreen><\/iframe><\/p>\n<p>&nbsp;<\/p>\n<p>Seguidamente, \u201cPluralidad y Compromiso\u201d Mg. Rosa Garbarino e Ing. Ricardo Romari\u00f3n<\/p>\n<p><img loading=\"lazy\" decoding=\"async\" class=\"alignnone wp-image-38616 size-full\" src=\"https:\/\/vocesparalelas.com.ar\/sitio\/wp-content\/uploads\/2021\/06\/UNSJ-ELECCIONES-08.jpg\" alt=\"\" width=\"800\" height=\"533\" srcset=\"https:\/\/vocesparalelas.com.ar\/sitio\/wp-content\/uploads\/2021\/06\/UNSJ-ELECCIONES-08.jpg 800w, https:\/\/vocesparalelas.com.ar\/sitio\/wp-content\/uploads\/2021\/06\/UNSJ-ELECCIONES-08-300x200.jpg 300w, https:\/\/vocesparalelas.com.ar\/sitio\/wp-content\/uploads\/2021\/06\/UNSJ-ELECCIONES-08-768x512.jpg 768w\" sizes=\"auto, (max-width: 800px) 100vw, 800px\" \/><\/p>\n<p><iframe loading=\"lazy\" title=\"UNSJ SUSPENSI\u00d3N ELECCIONES\" width=\"800\" height=\"450\" src=\"https:\/\/www.youtube.com\/embed\/zSmKbDUcD2w?feature=oembed\" frameborder=\"0\" allow=\"accelerometer; autoplay; clipboard-write; encrypted-media; gyroscope; picture-in-picture\" allowfullscreen><\/iframe><\/p>\n<p>A continuaci\u00f3n, \u201cUniversidad Activa\u201d Arq. Jorge Cocinero e Ing. Marcelo Bellini<\/p>\n<p><img loading=\"lazy\" decoding=\"async\" class=\"alignnone wp-image-38615 size-full\" src=\"https:\/\/vocesparalelas.com.ar\/sitio\/wp-content\/uploads\/2021\/06\/UNSJ-ELECCIONES-07.jpg\" alt=\"\" width=\"800\" height=\"533\" srcset=\"https:\/\/vocesparalelas.com.ar\/sitio\/wp-content\/uploads\/2021\/06\/UNSJ-ELECCIONES-07.jpg 800w, https:\/\/vocesparalelas.com.ar\/sitio\/wp-content\/uploads\/2021\/06\/UNSJ-ELECCIONES-07-300x200.jpg 300w, https:\/\/vocesparalelas.com.ar\/sitio\/wp-content\/uploads\/2021\/06\/UNSJ-ELECCIONES-07-768x512.jpg 768w\" sizes=\"auto, (max-width: 800px) 100vw, 800px\" \/><\/p>\n<p><iframe loading=\"lazy\" title=\"UNSJ SUSPENSI\u00d3N ELECCIONES\" width=\"800\" height=\"450\" src=\"https:\/\/www.youtube.com\/embed\/gXZT2P1pDRk?feature=oembed\" frameborder=\"0\" allow=\"accelerometer; autoplay; clipboard-write; encrypted-media; gyroscope; picture-in-picture\" allowfullscreen><\/iframe><\/p>\n<p>&nbsp;<\/p>\n<p>Luego, \u201cPluralidad y Compromiso\u201d Jos\u00e9 Luis Miolano y Mario Guti\u00e9rrez<\/p>\n<p><img loading=\"lazy\" decoding=\"async\" class=\"alignnone wp-image-38614 \" src=\"https:\/\/vocesparalelas.com.ar\/sitio\/wp-content\/uploads\/2021\/06\/UNSJ-ELECCIONES-05.jpg\" alt=\"\" width=\"736\" height=\"490\" srcset=\"https:\/\/vocesparalelas.com.ar\/sitio\/wp-content\/uploads\/2021\/06\/UNSJ-ELECCIONES-05.jpg 500w, https:\/\/vocesparalelas.com.ar\/sitio\/wp-content\/uploads\/2021\/06\/UNSJ-ELECCIONES-05-300x200.jpg 300w\" sizes=\"auto, (max-width: 736px) 100vw, 736px\" \/><\/p>\n<p><iframe loading=\"lazy\" title=\"UNSJ SUSPENSI\u00d3N ELECCIONES\" width=\"800\" height=\"450\" src=\"https:\/\/www.youtube.com\/embed\/gprUQixyQ2c?feature=oembed\" frameborder=\"0\" allow=\"accelerometer; autoplay; clipboard-write; encrypted-media; gyroscope; picture-in-picture\" allowfullscreen><\/iframe><\/p>\n<p>&nbsp;<\/p>\n<p>Finaliz\u00f3, Rector de la Universidad Nacional de San Juan, Dr. Oscar Nasisi<\/p>\n<p><img loading=\"lazy\" decoding=\"async\" class=\"alignnone wp-image-38613 size-full\" src=\"https:\/\/vocesparalelas.com.ar\/sitio\/wp-content\/uploads\/2021\/06\/UNSJ-ELECCIONES-03.jpg\" alt=\"\" width=\"800\" height=\"533\" srcset=\"https:\/\/vocesparalelas.com.ar\/sitio\/wp-content\/uploads\/2021\/06\/UNSJ-ELECCIONES-03.jpg 800w, https:\/\/vocesparalelas.com.ar\/sitio\/wp-content\/uploads\/2021\/06\/UNSJ-ELECCIONES-03-300x200.jpg 300w, https:\/\/vocesparalelas.com.ar\/sitio\/wp-content\/uploads\/2021\/06\/UNSJ-ELECCIONES-03-768x512.jpg 768w\" sizes=\"auto, (max-width: 800px) 100vw, 800px\" \/><\/p>\n<p><iframe loading=\"lazy\" title=\"UNSJ SUSPENSI\u00d3N ELECCIONES\" width=\"800\" height=\"450\" src=\"https:\/\/www.youtube.com\/embed\/KtWWSZRLSj0?feature=oembed\" frameborder=\"0\" allow=\"accelerometer; autoplay; clipboard-write; encrypted-media; gyroscope; picture-in-picture\" allowfullscreen><\/iframe><\/p>\n<p>&nbsp;<\/p>\n<p><strong>Candidatos a Rector y Vicerrector de la UNSJ<\/strong><\/p>\n<ul>\n<li>\u201cVamos UNSJ\u201d Ing. Tadeo Berenguer \u00a0y Dra. Anal\u00eda Ponce<\/li>\n<li>\u201cSomos UNSJ\u201d Arq. Roberto G\u00f3mez y Dra. \u00a0Ana Naranjo<\/li>\n<li>\u201cUniversidad Activa\u201d Arq. Jorge Cocinero e Ing. Marcelo Bellini<\/li>\n<li>\u201cPluralidad y Compromiso\u201d Mg. Rosa Garbarino e Ing. Ricardo Romari\u00f3n<\/li>\n<li>\u201cEncuentro Universitario\u201d (Emilio Fern\u00e1ndez \u2013 Graciela Del Pie)<\/li>\n<\/ul>\n<p><strong>Candidatos a Decano y Vicedecano a la Facultad de Ingenier\u00eda de la UNSJ<\/strong><\/p>\n<ul>\n<li>\u201cIngenier\u00eda en Acci\u00f3n\u201d Ing. Osvaldo Est\u00e9vez e Ing. Rosa Rodr\u00edguez<\/li>\n<li>\u201cUnidos por Ingenier\u00eda\u201d Ing. Mario Fern\u00e1ndez e Ing. Andrea D\u00edaz<\/li>\n<li>\u201cAgrupaci\u00f3n Facultad\u201d Ing. Miguel Garc\u00e9s e Ing. Mar\u00eda Luc\u00eda Mart\u00edn<\/li>\n<\/ul>\n<p><strong>Candidatos a Decano y Vicedecano a la Facultad de Ciencias Exactas, F\u00edsicas y Naturales de la UNSJ<\/strong><\/p>\n<ul>\n<li>\u201cProyecto Exactas\u201d Ing. Rodolfo Bloch \u00a0y Natalia N\u00fa\u00f1ez<\/li>\n<li>\u201cRenovaci\u00f3n Exactas\u201d Ing. Mario Gim\u00e9nez \u00a0y Alfredo Leiva<\/li>\n<\/ul>\n<p><strong>Candidatos a Decano y Vicedecano a la Facultad de Filosof\u00eda, Humanidades y Artes de la UNSJ<\/strong><\/p>\n<ul>\n<li>\u201cPluralidad y Compromiso\u201d Mg. Myriam Arrabal y Prof. Marcelo Vasquez<\/li>\n<li>\u201cM\u00e1s Filosof\u00eda\u201d Prof. Eduardo Carelli y Lic. Paula Mateos<\/li>\n<\/ul>\n<p><strong>Candidatos a Decano y Vicedecano a la Facultad de Ciencias Sociales de la UNSJ<\/strong><\/p>\n<ul>\n<li>\u201cPrimero Sociales\u201d Marcelo Lucero \u2013 Mar\u00eda del Carmen Zorrilla<\/li>\n<li>\u201cFACSO Activa\u201d (Leonardo Drazic y Ver\u00f3nica Mu\u00f1oz<\/li>\n<li>\u201cM\u00e1s Integraci\u00f3n FACSO\u201d Lic. Ra\u00fal Garc\u00eda y V\u00edctor Vargas<\/li>\n<li>\u201cPluralidad y Compromiso\u201d Jos\u00e9 Luis Miolano y Mario Guti\u00e9rrez<\/li>\n<\/ul>\n<p><strong>Candidatos a Decano y Vicedecano a la Facultad de Arquitectura, Urbanismo y Dise\u00f1o de la UNSJ<\/strong><\/p>\n<ul>\n<li>\u201cConsistencia FAUD\u201d Arq. Carlos Herrera y Arq. Silvina Vazquez<\/li>\n<li>\u201cFAUD Activa\u201d Arq. Alejandro \u00c1lvarez y Arq. Carina Capriotti<\/li>\n<li>\u201cProyecto FAUD\u201d Arq. Guillermo Velasco y Arq. Natalia Sevilla<\/li>\n<\/ul>\n<p><strong>Candidatos a Decano y Vicedecano a la Escuela Universitaria de Ciencias de la Salud de la UNSJ<\/strong><\/p>\n<ul>\n<li>\u201cUnidos por Salud\u201d \u00c1ngel Pinto y Oscar Quintero<\/li>\n<li>\u201cSalud Activa\u201d Carina P\u00e9rez y Y\u00e9sica Flores<\/li>\n<li>\u201cSalud Independiente\u201d Marcelo Chancay y Marcela Arancibia<\/li>\n<\/ul>\n<p>&nbsp;<\/p>\n<p><img loading=\"lazy\" decoding=\"async\" class=\"alignnone wp-image-38589 size-full\" src=\"https:\/\/vocesparalelas.com.ar\/sitio\/wp-content\/uploads\/2021\/06\/UNSJ-BANDERA-FRENTE.jpg\" alt=\"\" width=\"800\" height=\"533\" srcset=\"https:\/\/vocesparalelas.com.ar\/sitio\/wp-content\/uploads\/2021\/06\/UNSJ-BANDERA-FRENTE.jpg 800w, https:\/\/vocesparalelas.com.ar\/sitio\/wp-content\/uploads\/2021\/06\/UNSJ-BANDERA-FRENTE-300x200.jpg 300w, https:\/\/vocesparalelas.com.ar\/sitio\/wp-content\/uploads\/2021\/06\/UNSJ-BANDERA-FRENTE-768x512.jpg 768w\" sizes=\"auto, (max-width: 800px) 100vw, 800px\" \/><\/p>\n","protected":false},"excerpt":{"rendered":"<p>En el 2020 se deb\u00eda realizar las elecciones en la Universidad Nacional de San Juan para la renovaci\u00f3n de autoridades<\/p>\n","protected":false},"author":3,"featured_media":38612,"comment_status":"closed","ping_status":"closed","sticky":false,"template":"","format":"video","meta":{"_acf_changed":false,"_seopress_robots_primary_cat":"none","_seopress_titles_title":"","_seopress_titles_desc":"","_seopress_robots_index":"","colormag_page_container_layout":"default_layout","colormag_page_sidebar_layout":"default_layout","footnotes":""},"categories":[10,7],"tags":[],"class_list":["post-38608","post","type-post","status-publish","format-video","has-post-thumbnail","hentry","category-opiniones","category-videos","post_format-post-format-video"],"acf":[],"_links":{"self":[{"href":"https:\/\/vocesparalelas.com.ar\/sitio\/wp-json\/wp\/v2\/posts\/38608","targetHints":{"allow":["GET"]}}],"collection":[{"href":"https:\/\/vocesparalelas.com.ar\/sitio\/wp-json\/wp\/v2\/posts"}],"about":[{"href":"https:\/\/vocesparalelas.com.ar\/sitio\/wp-json\/wp\/v2\/types\/post"}],"author":[{"embeddable":true,"href":"https:\/\/vocesparalelas.com.ar\/sitio\/wp-json\/wp\/v2\/users\/3"}],"replies":[{"embeddable":true,"href":"https:\/\/vocesparalelas.com.ar\/sitio\/wp-json\/wp\/v2\/comments?post=38608"}],"version-history":[{"count":1,"href":"https:\/\/vocesparalelas.com.ar\/sitio\/wp-json\/wp\/v2\/posts\/38608\/revisions"}],"predecessor-version":[{"id":38620,"href":"https:\/\/vocesparalelas.com.ar\/sitio\/wp-json\/wp\/v2\/posts\/38608\/revisions\/38620"}],"wp:featuredmedia":[{"embeddable":true,"href":"https:\/\/vocesparalelas.com.ar\/sitio\/wp-json\/wp\/v2\/media\/38612"}],"wp:attachment":[{"href":"https:\/\/vocesparalelas.com.ar\/sitio\/wp-json\/wp\/v2\/media?parent=38608"}],"wp:term":[{"taxonomy":"category","embeddable":true,"href":"https:\/\/vocesparalelas.com.ar\/sitio\/wp-json\/wp\/v2\/categories?post=38608"},{"taxonomy":"post_tag","embeddable":true,"href":"https:\/\/vocesparalelas.com.ar\/sitio\/wp-json\/wp\/v2\/tags?post=38608"}],"curies":[{"name":"wp","href":"https:\/\/api.w.org\/{rel}","templated":true}]}}