{"id":38605,"date":"2021-06-10T21:59:02","date_gmt":"2021-06-11T00:59:02","guid":{"rendered":"http:\/\/vocesparalelas.com.ar\/sitio\/?p=38605"},"modified":"2021-06-12T01:02:17","modified_gmt":"2021-06-12T04:02:17","slug":"unidad-frente-al-atropello-institucional","status":"publish","type":"post","link":"https:\/\/vocesparalelas.com.ar\/sitio\/unidad-frente-al-atropello-institucional\/","title":{"rendered":"Unidad frente al atropello institucional"},"content":{"rendered":"<p>Ante la suspensi\u00f3n de las elecciones por parte de la C\u00e1mara Federal de Mendoza, a trav\u00e9s de una medida interina hasta que se resuelva la cautelar solicitada, ADICUS manifiesta su m\u00e1s profunda preocupaci\u00f3n por los objetivos de fondo que persigue la recurrente.<\/p>\n<p>Los fundamentos del pedido cautelar y de fondo planteados que se tramitan en la C\u00e1mara Federal de Mendoza, tienen como objetivo cercenar los derechos pol\u00edticos de los docentes regularizados por Art\u00edculos 73.Cabe recordar que estos argumentos no tienen en cuenta los derechos humanos consagrados en la Constituci\u00f3n Nacional y los Tratados con jerarqu\u00eda Constitucional, en particular el derecho a la igualdad real de oportunidades, en este caso puntual el derecho a elegir y ser elegido.<\/p>\n<p>La recurrente considera que los docentes que llevan a\u00f1os en la Universidad, algunos m\u00e1s de 30, no tienen derechos a votar ni ser candidatos, de fondo defiende un sistema de castas donde unos pocos pueden elegir y ser elegidos y la gran mayor\u00eda solo debe atenerse a cumplir con su funci\u00f3n laboral. En definitiva, propone abandonar el sistema democr\u00e1tico que es el gobierno de las mayor\u00edas y volver a formas pret\u00e9ritas de tipo aristocr\u00e1ticas.<\/p>\n<p>Desde nuestra asociaci\u00f3n sindical hemos impulsado la m\u00e1s amplia participaci\u00f3n de los docentes regularizados por Articulo 73, en el marco de democratizar la Universidad Nacional de San Juan. En las listas de candidatos de todas las agrupaciones participan afiliados y afiliadas del gremio que se ven perjudicados por esta medida judicial.<\/p>\n<p>Muchos a\u00f1os de lucha sindical costaron para conseguir los derechos sociales y pol\u00edticos, desde los consagrados constitucionalmente hasta nuestro Convenio Colectivo de Trabajo, por tal motivo consideramos que este es un golpe a la Universidad Nacional de San Juan que puede sentar precedentes negativos a todo el sistema universitario nacional.<\/p>\n<p>Llamamos a la inmensa mayor\u00eda de la comunidad universitaria a unirnos en defensa de nuestra instituci\u00f3n y los derechos pol\u00edticos consagrados por el Convenio Colectivo de Trabajo, contra los agoreros que buscan desestabilizar a la instituci\u00f3n impidiendo el normal proceso de recambio de autoridades.<\/p>\n<p>&nbsp;<\/p>\n<p style=\"text-align: right;\">Prof. Jaime Barcelona<\/p>\n<p style=\"text-align: right;\">Sec. General ADICUS<\/p>\n","protected":false},"excerpt":{"rendered":"<p>Ante la suspensi\u00f3n de las elecciones por parte de la C\u00e1mara Federal de Mendoza, a trav\u00e9s de una medida interina<\/p>\n","protected":false},"author":3,"featured_media":11913,"comment_status":"closed","ping_status":"closed","sticky":false,"template":"","format":"standard","meta":{"_acf_changed":false,"_seopress_robots_primary_cat":"none","_seopress_titles_title":"","_seopress_titles_desc":"","_seopress_robots_index":"","colormag_page_container_layout":"default_layout","colormag_page_sidebar_layout":"default_layout","footnotes":""},"categories":[10],"tags":[],"class_list":["post-38605","post","type-post","status-publish","format-standard","has-post-thumbnail","hentry","category-opiniones"],"acf":[],"_links":{"self":[{"href":"https:\/\/vocesparalelas.com.ar\/sitio\/wp-json\/wp\/v2\/posts\/38605","targetHints":{"allow":["GET"]}}],"collection":[{"href":"https:\/\/vocesparalelas.com.ar\/sitio\/wp-json\/wp\/v2\/posts"}],"about":[{"href":"https:\/\/vocesparalelas.com.ar\/sitio\/wp-json\/wp\/v2\/types\/post"}],"author":[{"embeddable":true,"href":"https:\/\/vocesparalelas.com.ar\/sitio\/wp-json\/wp\/v2\/users\/3"}],"replies":[{"embeddable":true,"href":"https:\/\/vocesparalelas.com.ar\/sitio\/wp-json\/wp\/v2\/comments?post=38605"}],"version-history":[{"count":1,"href":"https:\/\/vocesparalelas.com.ar\/sitio\/wp-json\/wp\/v2\/posts\/38605\/revisions"}],"predecessor-version":[{"id":38607,"href":"https:\/\/vocesparalelas.com.ar\/sitio\/wp-json\/wp\/v2\/posts\/38605\/revisions\/38607"}],"wp:featuredmedia":[{"embeddable":true,"href":"https:\/\/vocesparalelas.com.ar\/sitio\/wp-json\/wp\/v2\/media\/11913"}],"wp:attachment":[{"href":"https:\/\/vocesparalelas.com.ar\/sitio\/wp-json\/wp\/v2\/media?parent=38605"}],"wp:term":[{"taxonomy":"category","embeddable":true,"href":"https:\/\/vocesparalelas.com.ar\/sitio\/wp-json\/wp\/v2\/categories?post=38605"},{"taxonomy":"post_tag","embeddable":true,"href":"https:\/\/vocesparalelas.com.ar\/sitio\/wp-json\/wp\/v2\/tags?post=38605"}],"curies":[{"name":"wp","href":"https:\/\/api.w.org\/{rel}","templated":true}]}}