{"id":38599,"date":"2021-06-10T19:45:56","date_gmt":"2021-06-10T22:45:56","guid":{"rendered":"http:\/\/vocesparalelas.com.ar\/sitio\/?p=38599"},"modified":"2021-06-11T23:45:56","modified_gmt":"2021-06-12T02:45:56","slug":"las-voces-del-iev-de-la-ffha-frente-a-la-suspension-de-las-elecciones-2021-de-la-unsj","status":"publish","type":"post","link":"https:\/\/vocesparalelas.com.ar\/sitio\/las-voces-del-iev-de-la-ffha-frente-a-la-suspension-de-las-elecciones-2021-de-la-unsj\/","title":{"rendered":"Las voces del IEV de la FFHA frente a la suspensi\u00f3n de las elecciones 2021 de la UNSJ"},"content":{"rendered":"<p>Los que abajo firmamos, integrantes del Instituto de Expresi\u00f3n Visual &#8211; IEV &#8211; de la Facultad de Filosof\u00eda, Humanidades y Artes de la Universidad Nacional de San Juan, manifestamos nuestra disconformidad y repudio por la suspensi\u00f3n de la elecci\u00f3n de autoridades ordenada por la justicia federal de Mendoza, a petici\u00f3n de algunos miembros de la comunidad docente de la UNSJ.<\/p>\n<p>La autora de esa petici\u00f3n ha se\u00f1alado que nada bueno puede esperarse si algo tan importante como la renovaci\u00f3n de autoridades universitarias se hace en violaci\u00f3n de la ley vigente.<\/p>\n<p>Ese pedido de amparo judicial hace agua por muchos lados.<\/p>\n<p>Primero, porque la habilitaci\u00f3n de los docentes no concursados para elegir y ser elegidos ha sido decidida por los cuerpos colegiados de la UNSJ sobre la base de la autonom\u00eda universitaria, y\u00a0 en procedimientos democr\u00e1ticos.<\/p>\n<p>Segundo, porque esa habilitaci\u00f3n persigue igualar oportunidades pol\u00edticas para todos los miembros del cuerpo docente, ya que una elecci\u00f3n sin exclusiones es beneficiosa para la vida democr\u00e1tica de esta casa de estudios.<\/p>\n<p>Con ese aval de amplitud y legitimidad de representaci\u00f3n, las autoridades que resulten electas van a ser los representantes de todos, de los concursados y no concursados,\u00a0 de los que est\u00e1n iniciando su carrera docente con antecedentes en crecimiento, como de los que puedan estar termin\u00e1ndola, algunos de ellos cargados de experiencia y logros acad\u00e9micos de primer nivel. Las autoridades que se elijan deben velar por transformar con humanidad y equidad a los primeros en los segundos.<\/p>\n<p>Tercero, quien puede lo m\u00e1s, puede lo menos. Si la Universidad ha habilitado a los docentes no concursados para impartir ense\u00f1anza, realizar investigaciones, tomar ex\u00e1menes, etc.<\/p>\n<p>\u00bfC\u00f3mo puede justificarse que no se les asigne entendimiento, responsabilidad, raciocinio o capacidad de an\u00e1lisis como para elegir a las propias autoridades, o bien representar a sus colegas en los cuerpos del gobierno universitario?<\/p>\n<p>Por \u00faltimo, est\u00e1 el argumento de \u201cno violar la ley vigente\u201d. Se apela a ese argumento &#8211;\u00a0 con el cual pocos podr\u00edamos estar en desacuerdo para otras circunstancias &#8211; para justificar la permanencia de una situaci\u00f3n de inequidad manifiesta.\u00a0 La historia est\u00e1 repleta de ejemplos de conquistas sociales y democr\u00e1ticas \u2013 en nuestro pa\u00eds y en todo el mundo -que tuvieron que hacerse en contra de \u201cla ley vigente\u201d:<\/p>\n<p>Voto Secreto y Obligatorio (Ley S\u00e1enz Pe\u00f1a), Reforma Universitaria del 18, voto femenino, jornada laboral, divorcio vincular, derechos civiles en los EE.UU., apartheid,\u00a0 etc.<\/p>\n<p>Quienes no aceptan modificar el statu quo porque la reforma perseguida no est\u00e1 de acuerdo con \u201cla ley vigente\u201d esconden, muchas veces, un deseo no confesado de mantener privilegios, de bloquear el ascenso a las decisiones pol\u00edticas de los supuestamente menos calificados.<\/p>\n<p>Si extrapol\u00e1ramos los requisitos de los que estamos hablando a la sociedad civil que nos cobija, \u00bfcu\u00e1nto tardar\u00edamos en tener legislado el \u201cvoto calificado\u201d para la elecci\u00f3n de nuestros gobernantes?<\/p>\n<p>\u00a1Los no concursados no son \u201ckelpers\u201d. No debemos permitir que sean tratados como tales!<\/p>\n<p style=\"text-align: right;\">Cristina Posleman<\/p>\n<p style=\"text-align: right;\">Fabiana Zito<\/p>\n<p style=\"text-align: right;\">Sonia Parisi<\/p>\n<p style=\"text-align: right;\">Carla Grosman<\/p>\n<p style=\"text-align: right;\">Isabel Rostagno<\/p>\n<p><img loading=\"lazy\" decoding=\"async\" class=\"alignnone size-full wp-image-38601 aligncenter\" src=\"https:\/\/vocesparalelas.com.ar\/sitio\/wp-content\/uploads\/2021\/06\/IEV-FFHA.jpg\" alt=\"\" width=\"300\" height=\"248\" \/><\/p>\n<p><img loading=\"lazy\" decoding=\"async\" class=\"alignnone wp-image-6323 size-large\" src=\"https:\/\/vocesparalelas.com.ar\/sitio\/wp-content\/uploads\/2017\/10\/FFHA-01-800x450.jpg\" alt=\"\" width=\"800\" height=\"450\" srcset=\"https:\/\/vocesparalelas.com.ar\/sitio\/wp-content\/uploads\/2017\/10\/FFHA-01-800x450.jpg 800w, https:\/\/vocesparalelas.com.ar\/sitio\/wp-content\/uploads\/2017\/10\/FFHA-01-300x169.jpg 300w, https:\/\/vocesparalelas.com.ar\/sitio\/wp-content\/uploads\/2017\/10\/FFHA-01-768x432.jpg 768w, https:\/\/vocesparalelas.com.ar\/sitio\/wp-content\/uploads\/2017\/10\/FFHA-01.jpg 1024w\" sizes=\"auto, (max-width: 800px) 100vw, 800px\" \/><\/p>\n<p>&nbsp;<\/p>\n","protected":false},"excerpt":{"rendered":"<p>Los que abajo firmamos, integrantes del Instituto de Expresi\u00f3n Visual &#8211; IEV &#8211; de la Facultad de Filosof\u00eda, Humanidades y<\/p>\n","protected":false},"author":3,"featured_media":37900,"comment_status":"closed","ping_status":"closed","sticky":false,"template":"","format":"standard","meta":{"_acf_changed":false,"_seopress_robots_primary_cat":"none","_seopress_titles_title":"","_seopress_titles_desc":"","_seopress_robots_index":"","colormag_page_container_layout":"default_layout","colormag_page_sidebar_layout":"default_layout","footnotes":""},"categories":[10],"tags":[],"class_list":["post-38599","post","type-post","status-publish","format-standard","has-post-thumbnail","hentry","category-opiniones"],"acf":[],"_links":{"self":[{"href":"https:\/\/vocesparalelas.com.ar\/sitio\/wp-json\/wp\/v2\/posts\/38599","targetHints":{"allow":["GET"]}}],"collection":[{"href":"https:\/\/vocesparalelas.com.ar\/sitio\/wp-json\/wp\/v2\/posts"}],"about":[{"href":"https:\/\/vocesparalelas.com.ar\/sitio\/wp-json\/wp\/v2\/types\/post"}],"author":[{"embeddable":true,"href":"https:\/\/vocesparalelas.com.ar\/sitio\/wp-json\/wp\/v2\/users\/3"}],"replies":[{"embeddable":true,"href":"https:\/\/vocesparalelas.com.ar\/sitio\/wp-json\/wp\/v2\/comments?post=38599"}],"version-history":[{"count":1,"href":"https:\/\/vocesparalelas.com.ar\/sitio\/wp-json\/wp\/v2\/posts\/38599\/revisions"}],"predecessor-version":[{"id":38602,"href":"https:\/\/vocesparalelas.com.ar\/sitio\/wp-json\/wp\/v2\/posts\/38599\/revisions\/38602"}],"wp:featuredmedia":[{"embeddable":true,"href":"https:\/\/vocesparalelas.com.ar\/sitio\/wp-json\/wp\/v2\/media\/37900"}],"wp:attachment":[{"href":"https:\/\/vocesparalelas.com.ar\/sitio\/wp-json\/wp\/v2\/media?parent=38599"}],"wp:term":[{"taxonomy":"category","embeddable":true,"href":"https:\/\/vocesparalelas.com.ar\/sitio\/wp-json\/wp\/v2\/categories?post=38599"},{"taxonomy":"post_tag","embeddable":true,"href":"https:\/\/vocesparalelas.com.ar\/sitio\/wp-json\/wp\/v2\/tags?post=38599"}],"curies":[{"name":"wp","href":"https:\/\/api.w.org\/{rel}","templated":true}]}}