{"id":38594,"date":"2021-06-10T22:41:40","date_gmt":"2021-06-11T01:41:40","guid":{"rendered":"http:\/\/vocesparalelas.com.ar\/sitio\/?p=38594"},"modified":"2021-06-12T00:55:01","modified_gmt":"2021-06-12T03:55:01","slug":"pluralidad-y-compromiso-expresa-la-conmocion-y-preocupacion-ante-la-suspension-de-las-elecciones-en-la-unsj","status":"publish","type":"post","link":"https:\/\/vocesparalelas.com.ar\/sitio\/pluralidad-y-compromiso-expresa-la-conmocion-y-preocupacion-ante-la-suspension-de-las-elecciones-en-la-unsj\/","title":{"rendered":"\u00abPluralidad y Compromiso\u00bb expresa la conmoci\u00f3n y preocupaci\u00f3n ante la suspensi\u00f3n de las elecciones en la UNSJ"},"content":{"rendered":"<p>El espacio PLURALIDAD Y COMPROMISO expresa la conmoci\u00f3n y preocupaci\u00f3n ante la suspensi\u00f3n de las elecciones en la Universidad Nacional de San Juan que debi\u00f3 realizarse el Jueves, 10 de Junio para la renovaci\u00f3n de autoridades.<\/p>\n<p>&nbsp;<\/p>\n<p><img loading=\"lazy\" decoding=\"async\" class=\"alignnone wp-image-38596 size-full\" src=\"https:\/\/vocesparalelas.com.ar\/sitio\/wp-content\/uploads\/2021\/06\/UNSJ-PLURADIDAD.jpg\" alt=\"\" width=\"800\" height=\"798\" srcset=\"https:\/\/vocesparalelas.com.ar\/sitio\/wp-content\/uploads\/2021\/06\/UNSJ-PLURADIDAD.jpg 800w, https:\/\/vocesparalelas.com.ar\/sitio\/wp-content\/uploads\/2021\/06\/UNSJ-PLURADIDAD-300x300.jpg 300w, https:\/\/vocesparalelas.com.ar\/sitio\/wp-content\/uploads\/2021\/06\/UNSJ-PLURADIDAD-150x150.jpg 150w, https:\/\/vocesparalelas.com.ar\/sitio\/wp-content\/uploads\/2021\/06\/UNSJ-PLURADIDAD-768x766.jpg 768w\" sizes=\"auto, (max-width: 800px) 100vw, 800px\" \/><\/p>\n<p>&nbsp;<\/p>\n<p><img loading=\"lazy\" decoding=\"async\" class=\"alignnone size-full wp-image-36944\" src=\"https:\/\/vocesparalelas.com.ar\/sitio\/wp-content\/uploads\/2021\/04\/FFHA-BANNER-RR.jpg\" alt=\"\" width=\"300\" height=\"250\" \/> <img loading=\"lazy\" decoding=\"async\" class=\"alignnone size-full wp-image-36943\" src=\"https:\/\/vocesparalelas.com.ar\/sitio\/wp-content\/uploads\/2021\/04\/FFHA-banner-MM.jpg\" alt=\"\" width=\"300\" height=\"250\" \/><\/p>\n","protected":false},"excerpt":{"rendered":"<p>El espacio PLURALIDAD Y COMPROMISO expresa la conmoci\u00f3n y preocupaci\u00f3n ante la suspensi\u00f3n de las elecciones en la Universidad Nacional<\/p>\n","protected":false},"author":3,"featured_media":38597,"comment_status":"closed","ping_status":"closed","sticky":false,"template":"","format":"standard","meta":{"_acf_changed":false,"_seopress_robots_primary_cat":"none","_seopress_titles_title":"","_seopress_titles_desc":"","_seopress_robots_index":"","colormag_page_container_layout":"default_layout","colormag_page_sidebar_layout":"default_layout","footnotes":""},"categories":[10],"tags":[],"class_list":["post-38594","post","type-post","status-publish","format-standard","has-post-thumbnail","hentry","category-opiniones"],"acf":[],"_links":{"self":[{"href":"https:\/\/vocesparalelas.com.ar\/sitio\/wp-json\/wp\/v2\/posts\/38594","targetHints":{"allow":["GET"]}}],"collection":[{"href":"https:\/\/vocesparalelas.com.ar\/sitio\/wp-json\/wp\/v2\/posts"}],"about":[{"href":"https:\/\/vocesparalelas.com.ar\/sitio\/wp-json\/wp\/v2\/types\/post"}],"author":[{"embeddable":true,"href":"https:\/\/vocesparalelas.com.ar\/sitio\/wp-json\/wp\/v2\/users\/3"}],"replies":[{"embeddable":true,"href":"https:\/\/vocesparalelas.com.ar\/sitio\/wp-json\/wp\/v2\/comments?post=38594"}],"version-history":[{"count":1,"href":"https:\/\/vocesparalelas.com.ar\/sitio\/wp-json\/wp\/v2\/posts\/38594\/revisions"}],"predecessor-version":[{"id":38598,"href":"https:\/\/vocesparalelas.com.ar\/sitio\/wp-json\/wp\/v2\/posts\/38594\/revisions\/38598"}],"wp:featuredmedia":[{"embeddable":true,"href":"https:\/\/vocesparalelas.com.ar\/sitio\/wp-json\/wp\/v2\/media\/38597"}],"wp:attachment":[{"href":"https:\/\/vocesparalelas.com.ar\/sitio\/wp-json\/wp\/v2\/media?parent=38594"}],"wp:term":[{"taxonomy":"category","embeddable":true,"href":"https:\/\/vocesparalelas.com.ar\/sitio\/wp-json\/wp\/v2\/categories?post=38594"},{"taxonomy":"post_tag","embeddable":true,"href":"https:\/\/vocesparalelas.com.ar\/sitio\/wp-json\/wp\/v2\/tags?post=38594"}],"curies":[{"name":"wp","href":"https:\/\/api.w.org\/{rel}","templated":true}]}}