{"id":38577,"date":"2021-06-10T00:12:05","date_gmt":"2021-06-10T03:12:05","guid":{"rendered":"http:\/\/vocesparalelas.com.ar\/sitio\/?p=38577"},"modified":"2021-06-10T00:12:05","modified_gmt":"2021-06-10T03:12:05","slug":"charla-mujeres-y-liderazgo","status":"publish","type":"post","link":"https:\/\/vocesparalelas.com.ar\/sitio\/charla-mujeres-y-liderazgo\/","title":{"rendered":"Charla \u00abMujeres y liderazgo\u00bb"},"content":{"rendered":"<p>La Organizaci\u00f3n Mujeres en Ingenier\u00eda San Juan, perteneciente a Rama Estudiantil UNSJ de la organizaci\u00f3n internacional IEEE, invitan a participar del Webinar: \u00abMujeres y Liderazgo\u00bb, a cargo de las disertantes: Ana Mar\u00eda Echenique , Emilia Vallet, Virginia Ballar\u00edn y Florencia G\u00f3mez, el Viernes, 11 de Junio, a partir de las 16:00 hs.; Argentina GMT-3, en Google Meet.<\/p>\n<p>El encuentro contar\u00e1 con la participaci\u00f3n especial de 4 mujeres con una amplia trayectoria, que comparten desaf\u00edos y experiencias que atravesaron a lo largo de sus vidas.<\/p>\n<p>Modalidad Virtual<\/p>\n<p><strong><span style=\"color: #ff00ff;\">Inscripciones abiertas para todo p\u00fablico en el siguiente link: <\/span><\/strong><\/p>\n<p style=\"text-align: center;\"><a href=\"https:\/\/forms.gle\/Hprom5mUEXLBmpuD9\">https:\/\/forms.gle\/Hprom5mUEXLBmpuD9<\/a><\/p>\n<p>&nbsp;<\/p>\n<p><img loading=\"lazy\" decoding=\"async\" class=\"alignnone wp-image-23028 size-full\" src=\"https:\/\/vocesparalelas.com.ar\/sitio\/wp-content\/uploads\/2019\/08\/FI-UNSJ-EDIFICIO.jpg\" alt=\"\" width=\"888\" height=\"666\" srcset=\"https:\/\/vocesparalelas.com.ar\/sitio\/wp-content\/uploads\/2019\/08\/FI-UNSJ-EDIFICIO.jpg 888w, https:\/\/vocesparalelas.com.ar\/sitio\/wp-content\/uploads\/2019\/08\/FI-UNSJ-EDIFICIO-300x225.jpg 300w, https:\/\/vocesparalelas.com.ar\/sitio\/wp-content\/uploads\/2019\/08\/FI-UNSJ-EDIFICIO-768x576.jpg 768w, https:\/\/vocesparalelas.com.ar\/sitio\/wp-content\/uploads\/2019\/08\/FI-UNSJ-EDIFICIO-800x600.jpg 800w\" sizes=\"auto, (max-width: 888px) 100vw, 888px\" \/><\/p>\n<p>&nbsp;<\/p>\n","protected":false},"excerpt":{"rendered":"<p>La Organizaci\u00f3n Mujeres en Ingenier\u00eda San Juan, perteneciente a Rama Estudiantil UNSJ de la organizaci\u00f3n internacional IEEE, invitan a participar<\/p>\n","protected":false},"author":3,"featured_media":30856,"comment_status":"closed","ping_status":"closed","sticky":false,"template":"","format":"standard","meta":{"_acf_changed":false,"_seopress_robots_primary_cat":"none","_seopress_titles_title":"","_seopress_titles_desc":"","_seopress_robots_index":"","colormag_page_container_layout":"default_layout","colormag_page_sidebar_layout":"default_layout","footnotes":""},"categories":[1],"tags":[],"class_list":["post-38577","post","type-post","status-publish","format-standard","has-post-thumbnail","hentry","category-destacadas"],"acf":[],"_links":{"self":[{"href":"https:\/\/vocesparalelas.com.ar\/sitio\/wp-json\/wp\/v2\/posts\/38577","targetHints":{"allow":["GET"]}}],"collection":[{"href":"https:\/\/vocesparalelas.com.ar\/sitio\/wp-json\/wp\/v2\/posts"}],"about":[{"href":"https:\/\/vocesparalelas.com.ar\/sitio\/wp-json\/wp\/v2\/types\/post"}],"author":[{"embeddable":true,"href":"https:\/\/vocesparalelas.com.ar\/sitio\/wp-json\/wp\/v2\/users\/3"}],"replies":[{"embeddable":true,"href":"https:\/\/vocesparalelas.com.ar\/sitio\/wp-json\/wp\/v2\/comments?post=38577"}],"version-history":[{"count":1,"href":"https:\/\/vocesparalelas.com.ar\/sitio\/wp-json\/wp\/v2\/posts\/38577\/revisions"}],"predecessor-version":[{"id":38579,"href":"https:\/\/vocesparalelas.com.ar\/sitio\/wp-json\/wp\/v2\/posts\/38577\/revisions\/38579"}],"wp:featuredmedia":[{"embeddable":true,"href":"https:\/\/vocesparalelas.com.ar\/sitio\/wp-json\/wp\/v2\/media\/30856"}],"wp:attachment":[{"href":"https:\/\/vocesparalelas.com.ar\/sitio\/wp-json\/wp\/v2\/media?parent=38577"}],"wp:term":[{"taxonomy":"category","embeddable":true,"href":"https:\/\/vocesparalelas.com.ar\/sitio\/wp-json\/wp\/v2\/categories?post=38577"},{"taxonomy":"post_tag","embeddable":true,"href":"https:\/\/vocesparalelas.com.ar\/sitio\/wp-json\/wp\/v2\/tags?post=38577"}],"curies":[{"name":"wp","href":"https:\/\/api.w.org\/{rel}","templated":true}]}}