{"id":38561,"date":"2021-06-09T21:43:09","date_gmt":"2021-06-10T00:43:09","guid":{"rendered":"http:\/\/vocesparalelas.com.ar\/sitio\/?p=38561"},"modified":"2021-06-09T23:01:14","modified_gmt":"2021-06-10T02:01:14","slug":"se-iniciaron-las-reparaciones-en-el-auditorio-juan-victoria-como-consecuencia-del-terremoto-de-san-juan","status":"publish","type":"post","link":"https:\/\/vocesparalelas.com.ar\/sitio\/se-iniciaron-las-reparaciones-en-el-auditorio-juan-victoria-como-consecuencia-del-terremoto-de-san-juan\/","title":{"rendered":"Se iniciaron las reparaciones en el Auditorio Juan Victoria como consecuencia del Terremoto de San Juan"},"content":{"rendered":"<p>Luego del terremoto ocurrido el 18 de Enero en San Juan y tras la inspecci\u00f3n ocular realizada por la Direcci\u00f3n de Planeamiento Desarrollo Urbano &#8211; DPDU -; sumado al trabajo conjunto con la Secretar\u00eda de Cultura del Ministerio de Turismo y Cultura, la Direcci\u00f3n de Mantenimiento y Obras Menores comenz\u00f3 con las labores de demolici\u00f3n de cielorraso en el Auditorio Juan Victoria.<\/p>\n<p><img loading=\"lazy\" decoding=\"async\" class=\"alignnone wp-image-4322 size-large\" src=\"https:\/\/vocesparalelas.com.ar\/sitio\/wp-content\/uploads\/2017\/08\/SALA-AUDITORIO-3-800x600.jpg\" alt=\"\" width=\"800\" height=\"600\" srcset=\"https:\/\/vocesparalelas.com.ar\/sitio\/wp-content\/uploads\/2017\/08\/SALA-AUDITORIO-3-800x600.jpg 800w, https:\/\/vocesparalelas.com.ar\/sitio\/wp-content\/uploads\/2017\/08\/SALA-AUDITORIO-3-300x225.jpg 300w, https:\/\/vocesparalelas.com.ar\/sitio\/wp-content\/uploads\/2017\/08\/SALA-AUDITORIO-3-768x576.jpg 768w, https:\/\/vocesparalelas.com.ar\/sitio\/wp-content\/uploads\/2017\/08\/SALA-AUDITORIO-3.jpg 1024w\" sizes=\"auto, (max-width: 800px) 100vw, 800px\" \/><\/p>\n<p>El hist\u00f3rico edificio ubicado en el departamento Capital, requiri\u00f3 ser intervenido luego del terremoto con una serie de obras para garantizar la seguridad, comunicaci\u00f3n, fluidez y funcionalidad entre recintos.<\/p>\n<p>Seg\u00fan detall\u00f3 el director de Mantenimiento y Obras Menores, Ing. Marcelo Mattar, \u201chemos dado inicio a las obras que consisten inicialmente en la demolici\u00f3n del cielorraso suspendido en el foyer del edificio. Esto implica una intervenci\u00f3n de 2100m2 de superficie, con el objetivo de visibilizar la superestructura y poder inspeccionar si la estructura principal del Auditorio ha sufrido otros da\u00f1os con el terremoto\u201d.<\/p>\n<p>Una vez culminada la etapa de demolici\u00f3n, el equipo t\u00e9cnico de consultores determina, si es necesario realizar obras de consolidaci\u00f3n estructural. En caso de no ser necesarias, Mantenimiento y Obras Menores restaura el cielorraso con las caracter\u00edsticas morfol\u00f3gicas que presentaba inicialmente y a su vez, ejecutar\u00e1 nuevas instalaciones de climatizaci\u00f3n y luminaria, aprovechando la reconstrucci\u00f3n del espacio.<\/p>\n<p>La obra tiene un plazo de ejecuci\u00f3n de 30 d\u00edas. Todas las labores se realizaron con previo aval de la Comisi\u00f3n Nacional de Patrimonio y del Consejo Provincial.<\/p>\n<p>Por ello, el director de Mantenimiento y Obras Menores, Ing. Marcelo Mattar destac\u00f3 \u00a0que \u00abel trabajo coordinado que se lleva a cabo entre el Ministerio de Obras y Servicios P\u00fablicos y el de Turismo y Cultura que posibilita el avance de la obra en \u00f3ptimas condiciones\u00bb.<\/p>\n<p><img loading=\"lazy\" decoding=\"async\" class=\"alignnone wp-image-38564 size-full\" src=\"https:\/\/vocesparalelas.com.ar\/sitio\/wp-content\/uploads\/2021\/06\/AUDITORIO-REFACCIONES-02.jpg\" alt=\"\" width=\"799\" height=\"533\" srcset=\"https:\/\/vocesparalelas.com.ar\/sitio\/wp-content\/uploads\/2021\/06\/AUDITORIO-REFACCIONES-02.jpg 799w, https:\/\/vocesparalelas.com.ar\/sitio\/wp-content\/uploads\/2021\/06\/AUDITORIO-REFACCIONES-02-300x200.jpg 300w, https:\/\/vocesparalelas.com.ar\/sitio\/wp-content\/uploads\/2021\/06\/AUDITORIO-REFACCIONES-02-768x512.jpg 768w\" sizes=\"auto, (max-width: 799px) 100vw, 799px\" \/><\/p>\n<p>&nbsp;<\/p>\n","protected":false},"excerpt":{"rendered":"<p>Luego del terremoto ocurrido el 18 de Enero en San Juan y tras la inspecci\u00f3n ocular realizada por la Direcci\u00f3n<\/p>\n","protected":false},"author":3,"featured_media":38563,"comment_status":"closed","ping_status":"closed","sticky":false,"template":"","format":"standard","meta":{"_acf_changed":false,"_seopress_robots_primary_cat":"none","_seopress_titles_title":"","_seopress_titles_desc":"","_seopress_robots_index":"","colormag_page_container_layout":"default_layout","colormag_page_sidebar_layout":"default_layout","footnotes":""},"categories":[1],"tags":[],"class_list":["post-38561","post","type-post","status-publish","format-standard","has-post-thumbnail","hentry","category-destacadas"],"acf":[],"_links":{"self":[{"href":"https:\/\/vocesparalelas.com.ar\/sitio\/wp-json\/wp\/v2\/posts\/38561","targetHints":{"allow":["GET"]}}],"collection":[{"href":"https:\/\/vocesparalelas.com.ar\/sitio\/wp-json\/wp\/v2\/posts"}],"about":[{"href":"https:\/\/vocesparalelas.com.ar\/sitio\/wp-json\/wp\/v2\/types\/post"}],"author":[{"embeddable":true,"href":"https:\/\/vocesparalelas.com.ar\/sitio\/wp-json\/wp\/v2\/users\/3"}],"replies":[{"embeddable":true,"href":"https:\/\/vocesparalelas.com.ar\/sitio\/wp-json\/wp\/v2\/comments?post=38561"}],"version-history":[{"count":3,"href":"https:\/\/vocesparalelas.com.ar\/sitio\/wp-json\/wp\/v2\/posts\/38561\/revisions"}],"predecessor-version":[{"id":38567,"href":"https:\/\/vocesparalelas.com.ar\/sitio\/wp-json\/wp\/v2\/posts\/38561\/revisions\/38567"}],"wp:featuredmedia":[{"embeddable":true,"href":"https:\/\/vocesparalelas.com.ar\/sitio\/wp-json\/wp\/v2\/media\/38563"}],"wp:attachment":[{"href":"https:\/\/vocesparalelas.com.ar\/sitio\/wp-json\/wp\/v2\/media?parent=38561"}],"wp:term":[{"taxonomy":"category","embeddable":true,"href":"https:\/\/vocesparalelas.com.ar\/sitio\/wp-json\/wp\/v2\/categories?post=38561"},{"taxonomy":"post_tag","embeddable":true,"href":"https:\/\/vocesparalelas.com.ar\/sitio\/wp-json\/wp\/v2\/tags?post=38561"}],"curies":[{"name":"wp","href":"https:\/\/api.w.org\/{rel}","templated":true}]}}