{"id":38555,"date":"2021-06-09T20:17:03","date_gmt":"2021-06-09T23:17:03","guid":{"rendered":"http:\/\/vocesparalelas.com.ar\/sitio\/?p=38555"},"modified":"2021-06-11T02:16:15","modified_gmt":"2021-06-11T05:16:15","slug":"concurso-de-dibujo-infantil-malvinas-en-nuestros-corazones","status":"publish","type":"post","link":"https:\/\/vocesparalelas.com.ar\/sitio\/concurso-de-dibujo-infantil-malvinas-en-nuestros-corazones\/","title":{"rendered":"Concurso de dibujo infantil \u00abMalvinas en nuestros corazones\u00bb"},"content":{"rendered":"<p>En el marco del D\u00eda de la Afirmaci\u00f3n de los Derechos Argentinos sobre las Malvinas, Islas y Sector Ant\u00e1rtico, el Ministerio de Gobierno de San Juan organiza el primer concurso de dibujo infantil \u201cMalvinas en nuestros corazones\u201d.<\/p>\n<p>La iniciativa de la Direcci\u00f3n de Cultos y Organizaciones No Gubernamentales tiene como objetivo fomentar la creatividad de los ni\u00f1os y el conocimiento de la gesta de Malvinas.<\/p>\n<p>La tem\u00e1tica de los dibujos debe estar relacionado con lo que significa para los argentinos la gesta de los h\u00e9roes de Malvinas, y la importancia de mantener el reclamo del derecho de Argentina sobre las Islas.<\/p>\n<p>Pueden participar del concurso ni\u00f1os y ni\u00f1as entre 6 y 12 a\u00f1os de escuelas de toda la provincia.<\/p>\n<p><strong><span style=\"color: #33cccc;\">Se dividen en dos categor\u00edas: <\/span><\/strong><\/p>\n<ul>\n<li>6-9 a\u00f1os y<\/li>\n<li>de 10-12 a\u00f1os.<\/li>\n<\/ul>\n<p>Los premios son dos tablets, una para cada categor\u00eda; y los ganadores se deciden a trav\u00e9s de un jurado que selecciona cinco trabajos que luego son votados por la comunidad sanjuanina a trav\u00e9s de la cuenta de Facebook de MinGob.<\/p>\n<p><span style=\"color: #33cccc;\"><strong>Los interesados en participar deben completar este formulario<\/strong><\/span><\/p>\n<p><a href=\"https:\/\/forms.gle\/tEhiY2UsWXwEg9pC9\">https:\/\/forms.gle\/tEhiY2UsWXwEg9pC9<\/a><\/p>\n<p>La inscripci\u00f3n es individual con plazo hasta el 8 de Julio.<\/p>\n<p><strong><span style=\"color: #33cccc;\">Los trabajos presentados deben ser<\/span><\/strong><\/p>\n<ul>\n<li>individuales y creaciones originales.<\/li>\n<li>No se aceptan copias de otros dibujos o trabajos que hayan ganado alg\u00fan tipo de premio y\/o reconocimiento anterior o<\/li>\n<li>que hayan sido previamente publicados.<\/li>\n<\/ul>\n<p>&nbsp;<\/p>\n<p><img loading=\"lazy\" decoding=\"async\" class=\"alignnone wp-image-38557 size-full\" src=\"https:\/\/vocesparalelas.com.ar\/sitio\/wp-content\/uploads\/2021\/06\/MALVINAS-CONCURSO.jpg\" alt=\"\" width=\"800\" height=\"450\" srcset=\"https:\/\/vocesparalelas.com.ar\/sitio\/wp-content\/uploads\/2021\/06\/MALVINAS-CONCURSO.jpg 800w, https:\/\/vocesparalelas.com.ar\/sitio\/wp-content\/uploads\/2021\/06\/MALVINAS-CONCURSO-300x169.jpg 300w, https:\/\/vocesparalelas.com.ar\/sitio\/wp-content\/uploads\/2021\/06\/MALVINAS-CONCURSO-768x432.jpg 768w\" sizes=\"auto, (max-width: 800px) 100vw, 800px\" \/><\/p>\n<p>&nbsp;<\/p>\n<p><img loading=\"lazy\" decoding=\"async\" class=\"alignnone wp-image-20033 size-large\" src=\"https:\/\/vocesparalelas.com.ar\/sitio\/wp-content\/uploads\/2019\/04\/PLACA-MALVINAS-800x503.jpg\" alt=\"\" width=\"800\" height=\"503\" srcset=\"https:\/\/vocesparalelas.com.ar\/sitio\/wp-content\/uploads\/2019\/04\/PLACA-MALVINAS-800x503.jpg 800w, https:\/\/vocesparalelas.com.ar\/sitio\/wp-content\/uploads\/2019\/04\/PLACA-MALVINAS-300x189.jpg 300w, https:\/\/vocesparalelas.com.ar\/sitio\/wp-content\/uploads\/2019\/04\/PLACA-MALVINAS-768x483.jpg 768w, https:\/\/vocesparalelas.com.ar\/sitio\/wp-content\/uploads\/2019\/04\/PLACA-MALVINAS.jpg 1000w\" sizes=\"auto, (max-width: 800px) 100vw, 800px\" \/><\/p>\n","protected":false},"excerpt":{"rendered":"<p>En el marco del D\u00eda de la Afirmaci\u00f3n de los Derechos Argentinos sobre las Malvinas, Islas y Sector Ant\u00e1rtico, el<\/p>\n","protected":false},"author":3,"featured_media":36530,"comment_status":"closed","ping_status":"closed","sticky":false,"template":"","format":"standard","meta":{"_acf_changed":false,"_seopress_robots_primary_cat":"none","_seopress_titles_title":"","_seopress_titles_desc":"","_seopress_robots_index":"","colormag_page_container_layout":"default_layout","colormag_page_sidebar_layout":"default_layout","footnotes":""},"categories":[8],"tags":[],"class_list":["post-38555","post","type-post","status-publish","format-standard","has-post-thumbnail","hentry","category-concursos"],"acf":[],"_links":{"self":[{"href":"https:\/\/vocesparalelas.com.ar\/sitio\/wp-json\/wp\/v2\/posts\/38555","targetHints":{"allow":["GET"]}}],"collection":[{"href":"https:\/\/vocesparalelas.com.ar\/sitio\/wp-json\/wp\/v2\/posts"}],"about":[{"href":"https:\/\/vocesparalelas.com.ar\/sitio\/wp-json\/wp\/v2\/types\/post"}],"author":[{"embeddable":true,"href":"https:\/\/vocesparalelas.com.ar\/sitio\/wp-json\/wp\/v2\/users\/3"}],"replies":[{"embeddable":true,"href":"https:\/\/vocesparalelas.com.ar\/sitio\/wp-json\/wp\/v2\/comments?post=38555"}],"version-history":[{"count":3,"href":"https:\/\/vocesparalelas.com.ar\/sitio\/wp-json\/wp\/v2\/posts\/38555\/revisions"}],"predecessor-version":[{"id":38560,"href":"https:\/\/vocesparalelas.com.ar\/sitio\/wp-json\/wp\/v2\/posts\/38555\/revisions\/38560"}],"wp:featuredmedia":[{"embeddable":true,"href":"https:\/\/vocesparalelas.com.ar\/sitio\/wp-json\/wp\/v2\/media\/36530"}],"wp:attachment":[{"href":"https:\/\/vocesparalelas.com.ar\/sitio\/wp-json\/wp\/v2\/media?parent=38555"}],"wp:term":[{"taxonomy":"category","embeddable":true,"href":"https:\/\/vocesparalelas.com.ar\/sitio\/wp-json\/wp\/v2\/categories?post=38555"},{"taxonomy":"post_tag","embeddable":true,"href":"https:\/\/vocesparalelas.com.ar\/sitio\/wp-json\/wp\/v2\/tags?post=38555"}],"curies":[{"name":"wp","href":"https:\/\/api.w.org\/{rel}","templated":true}]}}