{"id":38541,"date":"2021-06-08T21:14:03","date_gmt":"2021-06-09T00:14:03","guid":{"rendered":"http:\/\/vocesparalelas.com.ar\/sitio\/?p=38541"},"modified":"2021-06-10T00:39:59","modified_gmt":"2021-06-10T03:39:59","slug":"inscripciones-para-emprendedores-turistico-y-cultural-de-san-juan","status":"publish","type":"post","link":"https:\/\/vocesparalelas.com.ar\/sitio\/inscripciones-para-emprendedores-turistico-y-cultural-de-san-juan\/","title":{"rendered":"Inscripciones para Emprendedores Tur\u00edstico y Cultural de San Juan"},"content":{"rendered":"<p>Desde el 1 de Junio hasta el 1 de Julio, est\u00e1 disponible la\u00a0inscripci\u00f3n para las nuevas ediciones del Emprendedor Tur\u00edstico y del Emprendedor Cultural. Los interesados deber\u00e1n acceder a<\/p>\n<p><a href=\"http:\/\/www.capacitur.sanjuan.tur.ar\/\">www.capacitur.sanjuan.tur.ar<\/a><\/p>\n<p>donde est\u00e1n disponibles las bases y condiciones, mientras que para realizar la inscripci\u00f3n tendr\u00e1n que ingresar a Plataforma, dentro de dicha p\u00e1gina.<\/p>\n<p>Para la sexta edici\u00f3n del Emprendedor Tur\u00edstico, el Gobierno de San Juan destin\u00f3\u00a0$20 millones con el objetivo de generar acciones e incorporar herramientas para el fomento y desarrollo del emprendedor tur\u00edstico local.<\/p>\n<p><strong><span style=\"color: #339966;\">Las l\u00edneas de financiamiento propuestas son <\/span><\/strong><\/p>\n<ul>\n<li>Turismo gastron\u00f3mico y de alojamiento;<\/li>\n<li>Turismo aventura;<\/li>\n<li>Turismo astron\u00f3mico y\/o cient\u00edfico;<\/li>\n<li>Eficiencia energ\u00e9tica;<\/li>\n<li>Innovaci\u00f3n tur\u00edstica;<\/li>\n<li>Bodegas tur\u00edsticas y establecimientos vinculados a la Ruta del Vino y Ruta del Olivo;<\/li>\n<li>Ecoturismo y Accesibilidad f\u00edsica y comunicacional.<\/li>\n<\/ul>\n<p>Por su parte, el programa provincial Emprendedor Cultural es una herramienta de financiamiento para el desarrollo y sostenibilidad de los trabajadores del \u00e1mbito cultural en la provincia ante los efectos econ\u00f3micos y sociales producidos por la emergencia sanitaria.<\/p>\n<p>Este fondo provincial de $20 millones tiene por objetivo otorgar incentivos econ\u00f3micos para el fortalecimiento del sector cultural de la provincia y est\u00e1 destinado a artistas, productores, gestores, emprendedores y espacios del sector cultural.<\/p>\n<p><strong><span style=\"color: #339966;\">El programa cuenta con tres l\u00edneas: <\/span><\/strong><\/p>\n<ul>\n<li>Emprendimientos culturales,<\/li>\n<li>Producciones culturales y<\/li>\n<li>Apoyo a espacios culturales.<\/li>\n<\/ul>\n<p>Las inscripciones para ambos programas estar\u00e1n abiertas hasta el 1 de Julio. Cabe destacar que para registrar la inscripci\u00f3n hay que ingresar a la Plataforma, a trav\u00e9s de usuario y contrase\u00f1a. En el caso de no estar registrado, los usuarios tendr\u00e1n que crear su cuenta.<\/p>\n<p>&nbsp;<\/p>\n<p>&nbsp;<\/p>\n<p>&nbsp;<\/p>\n<p>&nbsp;<\/p>\n","protected":false},"excerpt":{"rendered":"<p>Desde el 1 de Junio hasta el 1 de Julio, est\u00e1 disponible la\u00a0inscripci\u00f3n para las nuevas ediciones del Emprendedor Tur\u00edstico<\/p>\n","protected":false},"author":3,"featured_media":4250,"comment_status":"closed","ping_status":"closed","sticky":false,"template":"","format":"standard","meta":{"_acf_changed":false,"_seopress_robots_primary_cat":"none","_seopress_titles_title":"","_seopress_titles_desc":"","_seopress_robots_index":"","colormag_page_container_layout":"default_layout","colormag_page_sidebar_layout":"default_layout","footnotes":""},"categories":[2],"tags":[],"class_list":["post-38541","post","type-post","status-publish","format-standard","has-post-thumbnail","hentry","category-convocatorias"],"acf":[],"_links":{"self":[{"href":"https:\/\/vocesparalelas.com.ar\/sitio\/wp-json\/wp\/v2\/posts\/38541","targetHints":{"allow":["GET"]}}],"collection":[{"href":"https:\/\/vocesparalelas.com.ar\/sitio\/wp-json\/wp\/v2\/posts"}],"about":[{"href":"https:\/\/vocesparalelas.com.ar\/sitio\/wp-json\/wp\/v2\/types\/post"}],"author":[{"embeddable":true,"href":"https:\/\/vocesparalelas.com.ar\/sitio\/wp-json\/wp\/v2\/users\/3"}],"replies":[{"embeddable":true,"href":"https:\/\/vocesparalelas.com.ar\/sitio\/wp-json\/wp\/v2\/comments?post=38541"}],"version-history":[{"count":1,"href":"https:\/\/vocesparalelas.com.ar\/sitio\/wp-json\/wp\/v2\/posts\/38541\/revisions"}],"predecessor-version":[{"id":38543,"href":"https:\/\/vocesparalelas.com.ar\/sitio\/wp-json\/wp\/v2\/posts\/38541\/revisions\/38543"}],"wp:featuredmedia":[{"embeddable":true,"href":"https:\/\/vocesparalelas.com.ar\/sitio\/wp-json\/wp\/v2\/media\/4250"}],"wp:attachment":[{"href":"https:\/\/vocesparalelas.com.ar\/sitio\/wp-json\/wp\/v2\/media?parent=38541"}],"wp:term":[{"taxonomy":"category","embeddable":true,"href":"https:\/\/vocesparalelas.com.ar\/sitio\/wp-json\/wp\/v2\/categories?post=38541"},{"taxonomy":"post_tag","embeddable":true,"href":"https:\/\/vocesparalelas.com.ar\/sitio\/wp-json\/wp\/v2\/tags?post=38541"}],"curies":[{"name":"wp","href":"https:\/\/api.w.org\/{rel}","templated":true}]}}