{"id":38534,"date":"2021-06-08T20:31:31","date_gmt":"2021-06-08T23:31:31","guid":{"rendered":"http:\/\/vocesparalelas.com.ar\/sitio\/?p=38534"},"modified":"2021-06-09T23:53:08","modified_gmt":"2021-06-10T02:53:08","slug":"los-docentes-que-regulados-en-el-ultimo-tiempo-aparecen-en-padrones-separados-para-las-elecciones-en-la-unsj","status":"publish","type":"post","link":"https:\/\/vocesparalelas.com.ar\/sitio\/los-docentes-que-regulados-en-el-ultimo-tiempo-aparecen-en-padrones-separados-para-las-elecciones-en-la-unsj\/","title":{"rendered":"Los docentes que regulados en el \u00faltimo tiempo aparecen en padrones separados para las elecciones en la UNSJ"},"content":{"rendered":"<p>Visto la c\u00e9dula por la cual la Universidad Nacional de San Juan queda notificada de la competencia que la C\u00e1mara Federal de Mendoza declara tener en la causa MORVILLO, M\u00d3NICA CRISTINA c\/ UNIVERSIDAD NACIONAL DE SAN JUAN s\/RECURSO DIRECTO LEY DE EDUCACI\u00d3N SUPERIOR LEY 24.521, la Junta Electoral ha resuelto que se conformen padrones separados para el estamento docente, debiendo discriminarse entre: docentes regulares por concurso, y docentes regularizados por el art. 73 del CCT, los votos ser\u00e1n computados como regulares pero estar\u00e1n discriminados en dos urnas.<\/p>\n<p>Es por este motivo que la Junta Electoral solicita a todo aquel docente que haya efectivizado su cargo por el Art. 73 pero ya hubiera obtenido la regularidad con anterioridad por concurso de antecedentes y oposici\u00f3n se lo comunique a esta Junta a la brevedad adjuntando una foto o escaneo de su designaci\u00f3n como efectivo al mail<\/p>\n<p style=\"text-align: center;\"><a href=\"juntaelectoral2021@unsj.edu.ar\">juntaelectoral2021@unsj.edu.ar<\/a><\/p>\n<p>Las resoluciones que revisten importancia para esta aclaraci\u00f3n son aquellas emitidas por las Unidades Acad\u00e9micas con fecha hasta el 23 de abril de 2021 inclusive.<\/p>\n<p>Toda resoluci\u00f3n posterior no es comprendida en este comunicado.<\/p>\n<p>Se solicita brinden esta informaci\u00f3n a la brevedad, y hasta el d\u00eda mi\u00e9rcoles 09 de junio de 2021 a las 10 hs.<\/p>\n<p>&nbsp;<\/p>\n<p>&nbsp;<\/p>\n<p>&nbsp;<\/p>\n","protected":false},"excerpt":{"rendered":"<p>Visto la c\u00e9dula por la cual la Universidad Nacional de San Juan queda notificada de la competencia que la C\u00e1mara<\/p>\n","protected":false},"author":3,"featured_media":36750,"comment_status":"closed","ping_status":"closed","sticky":false,"template":"","format":"standard","meta":{"_acf_changed":false,"_seopress_robots_primary_cat":"none","_seopress_titles_title":"","_seopress_titles_desc":"","_seopress_robots_index":"","colormag_page_container_layout":"default_layout","colormag_page_sidebar_layout":"default_layout","footnotes":""},"categories":[5],"tags":[],"class_list":["post-38534","post","type-post","status-publish","format-standard","has-post-thumbnail","hentry","category-ofrecimientos"],"acf":[],"_links":{"self":[{"href":"https:\/\/vocesparalelas.com.ar\/sitio\/wp-json\/wp\/v2\/posts\/38534","targetHints":{"allow":["GET"]}}],"collection":[{"href":"https:\/\/vocesparalelas.com.ar\/sitio\/wp-json\/wp\/v2\/posts"}],"about":[{"href":"https:\/\/vocesparalelas.com.ar\/sitio\/wp-json\/wp\/v2\/types\/post"}],"author":[{"embeddable":true,"href":"https:\/\/vocesparalelas.com.ar\/sitio\/wp-json\/wp\/v2\/users\/3"}],"replies":[{"embeddable":true,"href":"https:\/\/vocesparalelas.com.ar\/sitio\/wp-json\/wp\/v2\/comments?post=38534"}],"version-history":[{"count":1,"href":"https:\/\/vocesparalelas.com.ar\/sitio\/wp-json\/wp\/v2\/posts\/38534\/revisions"}],"predecessor-version":[{"id":38536,"href":"https:\/\/vocesparalelas.com.ar\/sitio\/wp-json\/wp\/v2\/posts\/38534\/revisions\/38536"}],"wp:featuredmedia":[{"embeddable":true,"href":"https:\/\/vocesparalelas.com.ar\/sitio\/wp-json\/wp\/v2\/media\/36750"}],"wp:attachment":[{"href":"https:\/\/vocesparalelas.com.ar\/sitio\/wp-json\/wp\/v2\/media?parent=38534"}],"wp:term":[{"taxonomy":"category","embeddable":true,"href":"https:\/\/vocesparalelas.com.ar\/sitio\/wp-json\/wp\/v2\/categories?post=38534"},{"taxonomy":"post_tag","embeddable":true,"href":"https:\/\/vocesparalelas.com.ar\/sitio\/wp-json\/wp\/v2\/tags?post=38534"}],"curies":[{"name":"wp","href":"https:\/\/api.w.org\/{rel}","templated":true}]}}