{"id":38494,"date":"2021-06-06T19:04:41","date_gmt":"2021-06-06T22:04:41","guid":{"rendered":"http:\/\/vocesparalelas.com.ar\/sitio\/?p=38494"},"modified":"2021-06-07T01:05:11","modified_gmt":"2021-06-07T04:05:11","slug":"faud-activa-con-candidato-a-decano-arq-alejandro-alvarez-y-vicedecana-arq-carina-capriotti","status":"publish","type":"post","link":"https:\/\/vocesparalelas.com.ar\/sitio\/faud-activa-con-candidato-a-decano-arq-alejandro-alvarez-y-vicedecana-arq-carina-capriotti\/","title":{"rendered":"\u00abFAUD Activa\u00bb con candidato a Decano Arq. Alejandro \u00c1lvarez y VIcedecana Arq. Carina Capriotti"},"content":{"rendered":"<p>Las elecciones de la Universidad Nacional de San Juan se desarrollan el 10 de Junio, donde el electorado elije la renovaci\u00f3n de las autoridades.<\/p>\n<p>La lista \u00abFAUD Activa\u00bb con candidato a Decano Arq. Alejandro \u00c1lvarez y a Vicedecana Arq. Carina Capriotti.<\/p>\n<p><img loading=\"lazy\" decoding=\"async\" class=\"alignnone size-medium wp-image-38498\" src=\"https:\/\/vocesparalelas.com.ar\/sitio\/wp-content\/uploads\/2021\/06\/FAUD-ACTIVA-01-300x300.jpg\" alt=\"\" width=\"300\" height=\"300\" srcset=\"https:\/\/vocesparalelas.com.ar\/sitio\/wp-content\/uploads\/2021\/06\/FAUD-ACTIVA-01-300x300.jpg 300w, https:\/\/vocesparalelas.com.ar\/sitio\/wp-content\/uploads\/2021\/06\/FAUD-ACTIVA-01-150x150.jpg 150w, https:\/\/vocesparalelas.com.ar\/sitio\/wp-content\/uploads\/2021\/06\/FAUD-ACTIVA-01-768x768.jpg 768w, https:\/\/vocesparalelas.com.ar\/sitio\/wp-content\/uploads\/2021\/06\/FAUD-ACTIVA-01.jpg 800w\" sizes=\"auto, (max-width: 300px) 100vw, 300px\" \/>\u00a0 \u00a0\u00a0<img loading=\"lazy\" decoding=\"async\" class=\"alignnone size-medium wp-image-38499\" src=\"https:\/\/vocesparalelas.com.ar\/sitio\/wp-content\/uploads\/2021\/06\/FAUD-ACTIVA-02-294x300.jpg\" alt=\"\" width=\"294\" height=\"300\" srcset=\"https:\/\/vocesparalelas.com.ar\/sitio\/wp-content\/uploads\/2021\/06\/FAUD-ACTIVA-02-294x300.jpg 294w, https:\/\/vocesparalelas.com.ar\/sitio\/wp-content\/uploads\/2021\/06\/FAUD-ACTIVA-02-783x800.jpg 783w, https:\/\/vocesparalelas.com.ar\/sitio\/wp-content\/uploads\/2021\/06\/FAUD-ACTIVA-02-768x784.jpg 768w, https:\/\/vocesparalelas.com.ar\/sitio\/wp-content\/uploads\/2021\/06\/FAUD-ACTIVA-02.jpg 800w\" sizes=\"auto, (max-width: 294px) 100vw, 294px\" \/><\/p>\n<p>Por este motivo, Voces Paralelas entrevist\u00f3 al candidato a Decano a la Facultad de Arquitectura, Urbanismo y Dise\u00f1o de la UNSJ, Arq. Alejandro \u00c1lvarez, propuesto por la Lista \u00abFAUD Activa\u00bb, quien explic\u00f3 la propuesta del proyecto.<\/p>\n<p><iframe loading=\"lazy\" title=\"FAUD CANDIDATO ARQ. ALEJANDRO ALVAREZ\" width=\"800\" height=\"450\" src=\"https:\/\/www.youtube.com\/embed\/UB3wCCpls3Q?feature=oembed\" frameborder=\"0\" allow=\"accelerometer; autoplay; clipboard-write; encrypted-media; gyroscope; picture-in-picture\" allowfullscreen><\/iframe><\/p>\n<figure id=\"attachment_38497\" aria-describedby=\"caption-attachment-38497\" style=\"width: 800px\" class=\"wp-caption alignnone\"><img loading=\"lazy\" decoding=\"async\" class=\"wp-image-38497 size-full\" src=\"https:\/\/vocesparalelas.com.ar\/sitio\/wp-content\/uploads\/2021\/06\/FAUD-ALVAREZ-ALEJANDRO-02.jpg\" alt=\"\" width=\"800\" height=\"533\" srcset=\"https:\/\/vocesparalelas.com.ar\/sitio\/wp-content\/uploads\/2021\/06\/FAUD-ALVAREZ-ALEJANDRO-02.jpg 800w, https:\/\/vocesparalelas.com.ar\/sitio\/wp-content\/uploads\/2021\/06\/FAUD-ALVAREZ-ALEJANDRO-02-300x200.jpg 300w, https:\/\/vocesparalelas.com.ar\/sitio\/wp-content\/uploads\/2021\/06\/FAUD-ALVAREZ-ALEJANDRO-02-768x512.jpg 768w\" sizes=\"auto, (max-width: 800px) 100vw, 800px\" \/><figcaption id=\"caption-attachment-38497\" class=\"wp-caption-text\">Candidato a Decano Arq. Alejandro \u00c1lvarez por la Lista \u00abFAUD Activa\u00bb<\/figcaption><\/figure>\n<p>&nbsp;<\/p>\n<p><img loading=\"lazy\" decoding=\"async\" class=\"alignnone wp-image-38500 size-full\" src=\"https:\/\/vocesparalelas.com.ar\/sitio\/wp-content\/uploads\/2021\/06\/FAUD-FRENTE-20.jpg\" alt=\"\" width=\"800\" height=\"600\" srcset=\"https:\/\/vocesparalelas.com.ar\/sitio\/wp-content\/uploads\/2021\/06\/FAUD-FRENTE-20.jpg 800w, https:\/\/vocesparalelas.com.ar\/sitio\/wp-content\/uploads\/2021\/06\/FAUD-FRENTE-20-300x225.jpg 300w, https:\/\/vocesparalelas.com.ar\/sitio\/wp-content\/uploads\/2021\/06\/FAUD-FRENTE-20-768x576.jpg 768w\" sizes=\"auto, (max-width: 800px) 100vw, 800px\" \/><\/p>\n","protected":false},"excerpt":{"rendered":"<p>Las elecciones de la Universidad Nacional de San Juan se desarrollan el 10 de Junio, donde el electorado elije la<\/p>\n","protected":false},"author":3,"featured_media":38496,"comment_status":"closed","ping_status":"closed","sticky":false,"template":"","format":"video","meta":{"_acf_changed":false,"_seopress_robots_primary_cat":"none","_seopress_titles_title":"","_seopress_titles_desc":"","_seopress_robots_index":"","colormag_page_container_layout":"default_layout","colormag_page_sidebar_layout":"default_layout","footnotes":""},"categories":[1,7],"tags":[],"class_list":["post-38494","post","type-post","status-publish","format-video","has-post-thumbnail","hentry","category-destacadas","category-videos","post_format-post-format-video"],"acf":[],"_links":{"self":[{"href":"https:\/\/vocesparalelas.com.ar\/sitio\/wp-json\/wp\/v2\/posts\/38494","targetHints":{"allow":["GET"]}}],"collection":[{"href":"https:\/\/vocesparalelas.com.ar\/sitio\/wp-json\/wp\/v2\/posts"}],"about":[{"href":"https:\/\/vocesparalelas.com.ar\/sitio\/wp-json\/wp\/v2\/types\/post"}],"author":[{"embeddable":true,"href":"https:\/\/vocesparalelas.com.ar\/sitio\/wp-json\/wp\/v2\/users\/3"}],"replies":[{"embeddable":true,"href":"https:\/\/vocesparalelas.com.ar\/sitio\/wp-json\/wp\/v2\/comments?post=38494"}],"version-history":[{"count":1,"href":"https:\/\/vocesparalelas.com.ar\/sitio\/wp-json\/wp\/v2\/posts\/38494\/revisions"}],"predecessor-version":[{"id":38501,"href":"https:\/\/vocesparalelas.com.ar\/sitio\/wp-json\/wp\/v2\/posts\/38494\/revisions\/38501"}],"wp:featuredmedia":[{"embeddable":true,"href":"https:\/\/vocesparalelas.com.ar\/sitio\/wp-json\/wp\/v2\/media\/38496"}],"wp:attachment":[{"href":"https:\/\/vocesparalelas.com.ar\/sitio\/wp-json\/wp\/v2\/media?parent=38494"}],"wp:term":[{"taxonomy":"category","embeddable":true,"href":"https:\/\/vocesparalelas.com.ar\/sitio\/wp-json\/wp\/v2\/categories?post=38494"},{"taxonomy":"post_tag","embeddable":true,"href":"https:\/\/vocesparalelas.com.ar\/sitio\/wp-json\/wp\/v2\/tags?post=38494"}],"curies":[{"name":"wp","href":"https:\/\/api.w.org\/{rel}","templated":true}]}}