{"id":38468,"date":"2021-06-05T20:54:12","date_gmt":"2021-06-05T23:54:12","guid":{"rendered":"http:\/\/vocesparalelas.com.ar\/sitio\/?p=38468"},"modified":"2021-06-07T23:54:45","modified_gmt":"2021-06-08T02:54:45","slug":"las-elecciones-estudiantiles-de-la-unsj-no-se-desarrollan-el-10-de-junio-cuya-fecha-a-definir","status":"publish","type":"post","link":"https:\/\/vocesparalelas.com.ar\/sitio\/las-elecciones-estudiantiles-de-la-unsj-no-se-desarrollan-el-10-de-junio-cuya-fecha-a-definir\/","title":{"rendered":"Las elecciones estudiantiles de la UNSJ no se desarrollan el 10 de Junio cuya fecha a definir"},"content":{"rendered":"<p>Desde la Junta Electoral de la Federaci\u00f3n Universitaria, se inform\u00f3 que la reuni\u00f3n que hab\u00eda sido convocada para decidir la realizaci\u00f3n o no de las elecciones estudiantiles, en la misma fecha que las Elecciones Generales Universitarias, finaliz\u00f3 con un acuerdo y la decisi\u00f3n de no realizarlas el 10 de junio.<\/p>\n<p>Si bien la fecha a\u00fan no est\u00e1 definida, las dos que se barajan son el 17 de junio o alg\u00fan d\u00eda en el lapso que va del 22 al 25 de junio. Tampoco se determin\u00f3 si la votaci\u00f3n ser\u00e1 por terminaci\u00f3n de DNI, ya que tanto la junta de la Federaci\u00f3n como las de las facultades deben darse a la tarea de definir su propio protocolo.<\/p>\n<p>&nbsp;<\/p>\n<p>&nbsp;<\/p>\n<p>&nbsp;<\/p>\n","protected":false},"excerpt":{"rendered":"<p>Desde la Junta Electoral de la Federaci\u00f3n Universitaria, se inform\u00f3 que la reuni\u00f3n que hab\u00eda sido convocada para decidir la<\/p>\n","protected":false},"author":3,"featured_media":36750,"comment_status":"closed","ping_status":"closed","sticky":false,"template":"","format":"standard","meta":{"_acf_changed":false,"_seopress_robots_primary_cat":"none","_seopress_titles_title":"","_seopress_titles_desc":"","_seopress_robots_index":"","colormag_page_container_layout":"default_layout","colormag_page_sidebar_layout":"default_layout","footnotes":""},"categories":[2],"tags":[],"class_list":["post-38468","post","type-post","status-publish","format-standard","has-post-thumbnail","hentry","category-convocatorias"],"acf":[],"_links":{"self":[{"href":"https:\/\/vocesparalelas.com.ar\/sitio\/wp-json\/wp\/v2\/posts\/38468","targetHints":{"allow":["GET"]}}],"collection":[{"href":"https:\/\/vocesparalelas.com.ar\/sitio\/wp-json\/wp\/v2\/posts"}],"about":[{"href":"https:\/\/vocesparalelas.com.ar\/sitio\/wp-json\/wp\/v2\/types\/post"}],"author":[{"embeddable":true,"href":"https:\/\/vocesparalelas.com.ar\/sitio\/wp-json\/wp\/v2\/users\/3"}],"replies":[{"embeddable":true,"href":"https:\/\/vocesparalelas.com.ar\/sitio\/wp-json\/wp\/v2\/comments?post=38468"}],"version-history":[{"count":1,"href":"https:\/\/vocesparalelas.com.ar\/sitio\/wp-json\/wp\/v2\/posts\/38468\/revisions"}],"predecessor-version":[{"id":38470,"href":"https:\/\/vocesparalelas.com.ar\/sitio\/wp-json\/wp\/v2\/posts\/38468\/revisions\/38470"}],"wp:featuredmedia":[{"embeddable":true,"href":"https:\/\/vocesparalelas.com.ar\/sitio\/wp-json\/wp\/v2\/media\/36750"}],"wp:attachment":[{"href":"https:\/\/vocesparalelas.com.ar\/sitio\/wp-json\/wp\/v2\/media?parent=38468"}],"wp:term":[{"taxonomy":"category","embeddable":true,"href":"https:\/\/vocesparalelas.com.ar\/sitio\/wp-json\/wp\/v2\/categories?post=38468"},{"taxonomy":"post_tag","embeddable":true,"href":"https:\/\/vocesparalelas.com.ar\/sitio\/wp-json\/wp\/v2\/tags?post=38468"}],"curies":[{"name":"wp","href":"https:\/\/api.w.org\/{rel}","templated":true}]}}