{"id":38465,"date":"2021-06-05T20:50:20","date_gmt":"2021-06-05T23:50:20","guid":{"rendered":"http:\/\/vocesparalelas.com.ar\/sitio\/?p=38465"},"modified":"2021-06-07T23:53:16","modified_gmt":"2021-06-08T02:53:16","slug":"medidas-sanitarias-contra-el-covid-19-del-7-al-11-de-junio-en-san-juan","status":"publish","type":"post","link":"https:\/\/vocesparalelas.com.ar\/sitio\/medidas-sanitarias-contra-el-covid-19-del-7-al-11-de-junio-en-san-juan\/","title":{"rendered":"Medidas sanitarias contra el COVID-19 del 7 al 11 de Junio en San Juan"},"content":{"rendered":"<p>En virtud de la situaci\u00f3n sanitaria actual como consecuencia de la pandemia de COVID-19, el Gobierno de San Juan anuncia la implementaci\u00f3n de nuevas medidas que regir\u00e1n desde el lunes 7 al 11 junio de 2021 con el objetivo de prevenir el aumento de contagios de coronavirus, apelando a la responsabilidad individual y social de los sanjuaninos.<\/p>\n<p><strong><span style=\"color: #ff0000;\">En el marco del Decreto Acuerdo 0022, el Gobierno de San Juan, en consonancia con las medidas dispuestas por la Naci\u00f3n, determin\u00f3 la implementaci\u00f3n de las siguientes medidas que regir\u00e1n del 7 al 11 de junio de 2021 para toda la Provincia:<\/span><\/strong><\/p>\n<ul>\n<li>Se restringe la circulaci\u00f3n en todo el territorio de la Provincia en horario de 00:00 a 06:00 horas, salvo personas debidamente exceptuadas.<\/li>\n<li>Se implementa en los establecimientos educativos de todos los niveles y modalidades del Sistema Educativo Provincial la educaci\u00f3n presencial, cuidada, administrada y voluntaria. El Ministerio de Educaci\u00f3n tiene la competencia para emitir las resoluciones necesarias para la interpretaci\u00f3n, implementaci\u00f3n y reglamentaci\u00f3n de este decreto acuerdo.<\/li>\n<li>El transporte p\u00fablico se encuentra habilitado solo para pasajeros sentados, y con ventanillas abiertas favoreciendo la circulaci\u00f3n cruzada.<\/li>\n<li>La Administraci\u00f3n P\u00fablica funcionar\u00e1 en horario de 8 a 19 hs. El personal incluido deber\u00e1 ser dispuesto en grupos separados por 1 hora para concretar la correcta limpieza.<\/li>\n<li>Los servicios f\u00fanebres de personas no fallecidas por COVID-19 deber\u00e1n realizarse de: lunes a domingo de 8 a 20 hs, con un m\u00e1ximo de cinco personas pertenecientes al c\u00edrculo \u00edntimo y con una duraci\u00f3n m\u00e1xima de hasta 5 hs.<\/li>\n<li>Se autoriza la obra p\u00fablica y privada que se encuentre debidamente registrada, en horario de 8 a 19 hs.<\/li>\n<li>Se suspenden todo tipo de celebraciones de culto comunitarias, a excepci\u00f3n de la celebraci\u00f3n m\u00e1s importante de cada culto. Solo se permite la asistencia: hasta 30% de capacidad o 40 personas como m\u00e1ximo, respetando la distancia social de 2 metros entre personas, en horario de 8 a 21 hs.<\/li>\n<li>Supermercados, farmacias, ferreter\u00edas y el resto de comercios esenciales funcionar\u00e1n en horario de atenci\u00f3n de 9 a 20 hs. de manera continua o discontinua, con factor de ocupaci\u00f3n de hasta el 30% de capacidad, permitiendo el ingreso de solo una persona por grupo familiar.<\/li>\n<li>Shoppings y galer\u00edas comerciales: habilitados de lunes a viernes, de manera continua o discontinua, en horario de 9 a 20 hs., con factor de ocupaci\u00f3n de hasta el 30% de capacidad.<\/li>\n<li>Resto de comercios: habilitados de lunes a viernes, con horario de atenci\u00f3n de 9 a 20 hs. de manera continua o discontinua, con factor de ocupaci\u00f3n de hasta el 30% de la capacidad, permitiendo el ingreso de solo una persona por grupo familiar.<\/li>\n<li>Mercado Concentrador de Rawson y Capital: se permite el ingreso de solo una persona por grupo familiar. Habilitado en horario de 9 a 20.<\/li>\n<li>Restoranes, caf\u00e9s y bares: con un factor ocupaci\u00f3n de hasta el 30%. Se permitir\u00e1n hasta 4 personas por mesa, con 2 metros de distancia entre mesas. Horarios autorizados: 7 a 23 hs. para ingreso de personas, debiendo ser a las 00 hs. el cierre total.<\/li>\n<li>Cines y teatros: habilitados jueves y viernes, en horario de 9 a 20 hs., con factor de ocupaci\u00f3n de hasta el 30% de capacidad.<\/li>\n<li>Se suspende todo tipo de eventos gastron\u00f3micos, sociales y culturales.<\/li>\n<li>Las reuniones sociales se encuentran prohibidas.<\/li>\n<li>Se encuentran habilitadas las reuniones familiares de hasta 8 personas en domicilios particulares.<\/li>\n<li>Industria: habilitada en horario de 8 a 19 hs., salvo aquellas de proceso continuo, con estricto cumplimiento de protocolo de funcionamiento.<\/li>\n<li>Est\u00e1n habilitadas las pr\u00e1cticas deportivas de deportistas del Programa de Alto Rendimiento.<\/li>\n<li>Clubes sociales, federados y amateurs contin\u00faan cerrados.<\/li>\n<li>Habilitaci\u00f3n de deportes recreativos al aire libre, de 9 a 20 hs. en espacios p\u00fablicos y circuitos establecidos, en grupos de no m\u00e1s de 2 personas<\/li>\n<li>Se habilitan las pr\u00e1cticas deportivas de deportistas profesionales autorizados por Resoluci\u00f3n del Ministerio de Turismo y Deportes de la Naci\u00f3n.<\/li>\n<\/ul>\n<p><strong><span style=\"color: #ff0000;\">Habilitaci\u00f3n de actividades deportivas comerciales, en horario de 9 a 20 hs.:<\/span><\/strong><\/p>\n<ul>\n<li><strong><span style=\"color: #ff0000;\">Gimnasios:<\/span><\/strong> al 30% del factor ocupacional, con estricto protocolo. Horario exclusivo para adultos mayores y personas con enfermedades de riesgo.<\/li>\n<li><span style=\"color: #ff0000;\"><strong>Piletas de nataci\u00f3n:<\/strong> <\/span>con l\u00edmite de personas por andarivel, sin p\u00fablico.<\/li>\n<li><strong><span style=\"color: #ff0000;\">Canchas de f\u00fatbol 5:<\/span> <\/strong>hasta 10 personas por cancha, por turno y sin p\u00fablico.<\/li>\n<li><strong><span style=\"color: #ff0000;\">Canchas de p\u00e1del,<\/span><\/strong> que posean forma de ingreso independiente y exclusivo: m\u00e1ximo de 4 personas por turno, por cancha, 20 minutos de desinfecci\u00f3n entre turno y turno. Sin p\u00fablico.<\/li>\n<li><strong><span style=\"color: #ff0000;\">Entidades de pr\u00e1ctica y\/o ense\u00f1anza de gimnasia deportiva y art\u00edstica,<\/span> <\/strong>hasta el 30 % del factor ocupacional, sin p\u00fablico.<\/li>\n<li><strong><span style=\"color: #ff0000;\">Entidades de pr\u00e1ctica y\/o ense\u00f1anza de danza,<\/span> <\/strong>hasta el 30 % del factor ocupacional, sin p\u00fablico.<\/li>\n<li><strong><span style=\"color: #ff0000;\">Canchas de golf:<\/span> <\/strong>habilitadas 3 d\u00edas a la semana con un m\u00e1ximo de 4 personas por salida.<\/li>\n<li><strong><span style=\"color: #ff0000;\">Deportes ecuestres:<\/span> <\/strong>solo movimiento de animales.<\/li>\n<\/ul>\n<p>En ninguna actividad comercial deportiva se pueden realizar competencias.<\/p>\n<p>&nbsp;<\/p>\n<p>&nbsp;<\/p>\n<p>&nbsp;<\/p>\n","protected":false},"excerpt":{"rendered":"<p>En virtud de la situaci\u00f3n sanitaria actual como consecuencia de la pandemia de COVID-19, el Gobierno de San Juan anuncia<\/p>\n","protected":false},"author":3,"featured_media":1245,"comment_status":"closed","ping_status":"closed","sticky":false,"template":"","format":"standard","meta":{"_acf_changed":false,"_seopress_robots_primary_cat":"none","_seopress_titles_title":"","_seopress_titles_desc":"","_seopress_robots_index":"","colormag_page_container_layout":"default_layout","colormag_page_sidebar_layout":"default_layout","footnotes":""},"categories":[6],"tags":[],"class_list":["post-38465","post","type-post","status-publish","format-standard","has-post-thumbnail","hentry","category-eventos"],"acf":[],"_links":{"self":[{"href":"https:\/\/vocesparalelas.com.ar\/sitio\/wp-json\/wp\/v2\/posts\/38465","targetHints":{"allow":["GET"]}}],"collection":[{"href":"https:\/\/vocesparalelas.com.ar\/sitio\/wp-json\/wp\/v2\/posts"}],"about":[{"href":"https:\/\/vocesparalelas.com.ar\/sitio\/wp-json\/wp\/v2\/types\/post"}],"author":[{"embeddable":true,"href":"https:\/\/vocesparalelas.com.ar\/sitio\/wp-json\/wp\/v2\/users\/3"}],"replies":[{"embeddable":true,"href":"https:\/\/vocesparalelas.com.ar\/sitio\/wp-json\/wp\/v2\/comments?post=38465"}],"version-history":[{"count":1,"href":"https:\/\/vocesparalelas.com.ar\/sitio\/wp-json\/wp\/v2\/posts\/38465\/revisions"}],"predecessor-version":[{"id":38467,"href":"https:\/\/vocesparalelas.com.ar\/sitio\/wp-json\/wp\/v2\/posts\/38465\/revisions\/38467"}],"wp:featuredmedia":[{"embeddable":true,"href":"https:\/\/vocesparalelas.com.ar\/sitio\/wp-json\/wp\/v2\/media\/1245"}],"wp:attachment":[{"href":"https:\/\/vocesparalelas.com.ar\/sitio\/wp-json\/wp\/v2\/media?parent=38465"}],"wp:term":[{"taxonomy":"category","embeddable":true,"href":"https:\/\/vocesparalelas.com.ar\/sitio\/wp-json\/wp\/v2\/categories?post=38465"},{"taxonomy":"post_tag","embeddable":true,"href":"https:\/\/vocesparalelas.com.ar\/sitio\/wp-json\/wp\/v2\/tags?post=38465"}],"curies":[{"name":"wp","href":"https:\/\/api.w.org\/{rel}","templated":true}]}}