{"id":38459,"date":"2021-06-05T14:10:05","date_gmt":"2021-06-05T17:10:05","guid":{"rendered":"http:\/\/vocesparalelas.com.ar\/sitio\/?p=38459"},"modified":"2021-06-07T01:34:08","modified_gmt":"2021-06-07T04:34:08","slug":"la-trayectoria-pedagogica-segun-la-modalidad-en-san-juan","status":"publish","type":"post","link":"https:\/\/vocesparalelas.com.ar\/sitio\/la-trayectoria-pedagogica-segun-la-modalidad-en-san-juan\/","title":{"rendered":"La trayectoria pedag\u00f3gica seg\u00fan la modalidad en San Juan"},"content":{"rendered":"<p>En tiempos de pandemia, donde se transita m\u00e1s un a\u00f1o viviendo en excepcionalidad, la educaci\u00f3n de San Juan contin\u00faa siendo prioridad para la comunidad,<\/p>\n<p>Por ello, el Ministerio de Educaci\u00f3n del Gobierno de San Juan junto a la comunidad educativa contin\u00faan generando estrategias, recursos y alternativas para garantizar el desarrollo pedag\u00f3gico.<\/p>\n<p>San Juan fue la primera provincia en regresar a la presencialidad tras el impacto inicial de la pandemia en el a\u00f1o 2020; tambi\u00e9n fue pionera en el dise\u00f1o del Protocolo Jurisdiccional que facilit\u00f3 el regreso a las aulas y que fue aplicado como modelo para todo el pa\u00eds, siempre con el apoyo incondicional de docentes, no docentes, padres y alumnos.<\/p>\n<p>El camino recorrido y la experiencia adquirida permiti\u00f3 el 1 de marzo de 2021 volver a las clases presenciales con la aplicaci\u00f3n de burbujas y alternancias, pero la situaci\u00f3n epidemiol\u00f3gica impuso nuevos desaf\u00edos para la comunidad en general y espec\u00edficamente para la educaci\u00f3n, ya que en mayo se debi\u00f3 volver a la no presencialidad por la llegada de la segunda ola de COVID\u201319 a San Juan. Esto oblig\u00f3 a implementar nuevas estrategias.<\/p>\n<p><span style=\"color: #00ff00;\"><strong>La actividad escolar a partir del Lunes, 7 de Junio<\/strong><\/span><\/p>\n<p>Las actividades de ense\u00f1anza y de aprendizaje se desarrollar\u00e1n en dos formatos:<\/p>\n<ul>\n<li>Con presencialidad cuidada voluntaria bimodal y alternancia.<\/li>\n<li>Con no presencialidad, donde los padres que lo consideren adecuado por su contexto puede optar por esta modalidad comunic\u00e1ndolo a la escuela por nota.<\/li>\n<\/ul>\n<p><span style=\"color: #00ff00;\"><strong>Presencialidad cuidada voluntaria bimodal y con alternancia<\/strong><\/span><\/p>\n<p>Es garantizar la trayectoria educativa con la presencia en las instituciones educativas bajo estrictos protocolos preventivos sanitarios, con alternancia entre presencialidad y no presencialidad por agrupamientos de estudiantes en formato burbuja (grupos de hasta 15 alumnos).<\/p>\n<p><span style=\"color: #00ff00;\"><strong>Tr\u00e1mite del padre o tutor para informar a la instituci\u00f3n educativa la modalidad seleccionada<\/strong><\/span><\/p>\n<p>Solo aquellos padres que opten por la no presencialidad deben a trav\u00e9s de una nota elevada al director de la escuela, indicando nombre apellido y DNI del alumno y grado, especificar su decisi\u00f3n y colocar nombre, apellido y DNI del padre o tutor que firma la comunicaci\u00f3n.<\/p>\n<p><span style=\"color: #00ff00;\"><strong>La tarea del docente en la presencialidad cuidada voluntaria bimodal y con alternancia<\/strong><\/span><\/p>\n<p>Los educadores seguir\u00e1n con el desarrollo de las gu\u00edas pedag\u00f3gicas, como desde el 1 de marzo, con los diferentes grupos de acuerdo al cronograma de alternancia. Esa misma gu\u00eda es la que se env\u00eda a los estudiantes online o impresa. Adem\u00e1s cuentan con plataformas digitales.<\/p>\n<p><span style=\"color: #00ff00;\"><strong>El docente no debe realizar doble trabajo<\/strong><\/span><\/p>\n<p>El concepto bimodal no implica doble trabajo, es alternancia y no la duplicidad del trabajo. La jornada laboral de cada uno de los docentes ser\u00e1 respetada en su totalidad; el docente no va a realizar tareas por fuera de sus horas laborales, conforme a la declaraci\u00f3n jurada de cargos, horas c\u00e1tedras y su r\u00e9gimen salarial. Los supervisores y directivos corroboraran lo acordado en materia de jornadas y horas laborales.<\/p>\n<p><span style=\"color: #00ff00;\"><strong>El maestro no debe dar clases o consultas fuera de su horario<\/strong><\/span><\/p>\n<p>Se respeta el derecho de desconexi\u00f3n, la obligaci\u00f3n de conexi\u00f3n es en los horarios laborales ya establecidos.<\/p>\n<p><span style=\"color: #00ff00;\"><strong>El trabajo de los estudiantes cuyos padres opten por la no presencialidad<\/strong><\/span><\/p>\n<p>Pueden ingresar a las plataformas online: Innovatec o Nuestras Aulas en L\u00ednea o gu\u00edas en soporte papel.<\/p>\n<p><span style=\"color: #00ff00;\"><strong>Medios donde se contin\u00faan las trayectorias pedag\u00f3gicas estudiante y docentes<\/strong><\/span><\/p>\n<ul>\n<li><span style=\"color: #00ff00;\"><strong>Innovatec:<\/strong> <\/span>es una plataforma digital que cada escuela administra, donde los docentes ponen a disposici\u00f3n de sus estudiantes propuestas para los distintos espacios curriculares, as\u00ed tambi\u00e9n un repositorio de recursos did\u00e1cticos.<\/li>\n<li><span style=\"color: #00ff00;\"><strong>Nuestra Aula en L\u00ednea: <\/strong><\/span>sitio Web oficial del Ministerio de Educaci\u00f3n donde se pueden descargar gu\u00edas pedag\u00f3gicas que cada docente elabora para los estudiantes de todos los niveles y modalidades.<\/li>\n<\/ul>\n<p><span style=\"color: #00ff00;\"><strong>Gu\u00edas impresas<\/strong><\/span><\/p>\n<p>Para los estudiantes con dificultades en la conectividad, las instituciones educativas y sus docentes arbitrar\u00e1n el modo de acceder a las tareas pedag\u00f3gicas en formato papel.<\/p>\n<p>Cabe destacar que cada viernes, de estas tres semanas, las autoridades y gremios analizar\u00e1n el contexto por la excepcionalidad de la pandemia, para adecuar si es necesario alguna de estas medidas. De este modo se contin\u00faa fortaleciendo la continuidad de la trayectoria pedag\u00f3gica de los estudiantes de San Juan.<\/p>\n<p>&nbsp;<\/p>\n<p>&nbsp;<\/p>\n<p>&nbsp;<\/p>\n","protected":false},"excerpt":{"rendered":"<p>En tiempos de pandemia, donde se transita m\u00e1s un a\u00f1o viviendo en excepcionalidad, la educaci\u00f3n de San Juan contin\u00faa siendo<\/p>\n","protected":false},"author":3,"featured_media":30296,"comment_status":"closed","ping_status":"closed","sticky":false,"template":"","format":"standard","meta":{"_acf_changed":false,"_seopress_robots_primary_cat":"none","_seopress_titles_title":"","_seopress_titles_desc":"","_seopress_robots_index":"","colormag_page_container_layout":"default_layout","colormag_page_sidebar_layout":"default_layout","footnotes":""},"categories":[5],"tags":[],"class_list":["post-38459","post","type-post","status-publish","format-standard","has-post-thumbnail","hentry","category-ofrecimientos"],"acf":[],"_links":{"self":[{"href":"https:\/\/vocesparalelas.com.ar\/sitio\/wp-json\/wp\/v2\/posts\/38459","targetHints":{"allow":["GET"]}}],"collection":[{"href":"https:\/\/vocesparalelas.com.ar\/sitio\/wp-json\/wp\/v2\/posts"}],"about":[{"href":"https:\/\/vocesparalelas.com.ar\/sitio\/wp-json\/wp\/v2\/types\/post"}],"author":[{"embeddable":true,"href":"https:\/\/vocesparalelas.com.ar\/sitio\/wp-json\/wp\/v2\/users\/3"}],"replies":[{"embeddable":true,"href":"https:\/\/vocesparalelas.com.ar\/sitio\/wp-json\/wp\/v2\/comments?post=38459"}],"version-history":[{"count":1,"href":"https:\/\/vocesparalelas.com.ar\/sitio\/wp-json\/wp\/v2\/posts\/38459\/revisions"}],"predecessor-version":[{"id":38461,"href":"https:\/\/vocesparalelas.com.ar\/sitio\/wp-json\/wp\/v2\/posts\/38459\/revisions\/38461"}],"wp:featuredmedia":[{"embeddable":true,"href":"https:\/\/vocesparalelas.com.ar\/sitio\/wp-json\/wp\/v2\/media\/30296"}],"wp:attachment":[{"href":"https:\/\/vocesparalelas.com.ar\/sitio\/wp-json\/wp\/v2\/media?parent=38459"}],"wp:term":[{"taxonomy":"category","embeddable":true,"href":"https:\/\/vocesparalelas.com.ar\/sitio\/wp-json\/wp\/v2\/categories?post=38459"},{"taxonomy":"post_tag","embeddable":true,"href":"https:\/\/vocesparalelas.com.ar\/sitio\/wp-json\/wp\/v2\/tags?post=38459"}],"curies":[{"name":"wp","href":"https:\/\/api.w.org\/{rel}","templated":true}]}}