{"id":38446,"date":"2021-06-04T22:03:09","date_gmt":"2021-06-05T01:03:09","guid":{"rendered":"http:\/\/vocesparalelas.com.ar\/sitio\/?p=38446"},"modified":"2021-06-06T22:27:07","modified_gmt":"2021-06-07T01:27:07","slug":"convalidaron-la-modalidad-pedagogica-del-7-al-25-de-junio-en-san-juan","status":"publish","type":"post","link":"https:\/\/vocesparalelas.com.ar\/sitio\/convalidaron-la-modalidad-pedagogica-del-7-al-25-de-junio-en-san-juan\/","title":{"rendered":"Convalidaron la modalidad pedag\u00f3gica del 7 al 25 de Junio en San Juan"},"content":{"rendered":"<p>El Viernes, 4 de Junio, el ministro de Educaci\u00f3n del Gobierno de San Juan, Lic. Felipe De Los R\u00edos, se reuni\u00f3 con los integrantes del secretariado ejecutivo de los gremios docentes: UDAP, Prof. Luis Lucero; UDA, Prof. Julio Roberto Rosa y AMET, Prof. Adri\u00e1n Ruiz, donde dando continuidad a la reuni\u00f3n mantenida con el gobernador Dr. Sergio U\u00f1ac convalidaron la modalidad pedag\u00f3gica que se desarrollar\u00e1 del 07 al 25 de Junio.<\/p>\n<p>Adem\u00e1s se inform\u00f3 la respectiva organizaci\u00f3n institucional de las escuelas en estas tres semanas.<\/p>\n<p>Del encuentro adem\u00e1s participaron la secretaria de Educaci\u00f3n, Lic. Rosana Vicentela; la asesora Dra. Mariana Paz e integrantes de los gremios.<\/p>\n<p>En primer lugar se inform\u00f3 sobre la cantidad del personal vacunado contra el COVID-19 del sector educativo entre docentes y no docentes, los que hasta el Jueves, 3 de Junio, 21.094 con la primera dosis y 13.351 con la segunda dosis.<\/p>\n<p>Posteriormente, se evalu\u00f3 el desarrollo de la modalidad pedag\u00f3gica del 7 al 25 de Junio y la respectiva organizaci\u00f3n institucional de las escuelas en estas tres semanas. Espec\u00edficamente se aclar\u00f3 el concepto de sistema bimodal con la asistencia del alumno de manera presencial alternada, en burbuja. Quedando claro que esalternancia y no la duplicidad del trabajo.<\/p>\n<p>Tras la firma se acord\u00f3 pasar a cuarto intermedio para el 11 de Junio a las 10 horas, donde se analizar\u00e1 la continuidad en el marco del contexto de la situaci\u00f3n epidemiol\u00f3gica de la provincia y las instituciones educativas.<\/p>\n<p>La jornada laboral de cada uno de los docentes ser\u00e1 respetada en su totalidad; el docente no va a realizar tareas por fuera de sus horas laborales, conforme a la declaraci\u00f3n jurada de cargos, horas c\u00e1tedras y su r\u00e9gimen salarial. Los supervisores y directivos corroboraran lo acordado en materia de jornadas y horas laborales. Esto garantiza que no habr\u00e1 un \u201cdoble trabajo\u201d para el docente.<\/p>\n<p>Se deja estipulado el derecho de desconexi\u00f3n, la obligaci\u00f3n de conexi\u00f3n es en los horarios laborales ya establecidos.<\/p>\n<p>Estableciendo que los docentes deben desarrollar sus actividades como lo estaban realizando desde el inicio del Ciclo Lectivo 2021 en forma presencial, el desarrollo de su trabajo docente en las plataformas, Aula en L\u00ednea o Innovatec, es una herramienta did\u00e1ctico-pedag\u00f3gica que podr\u00e1 ser usada en reemplazo de la gu\u00eda pedag\u00f3gica impresa.<\/p>\n<p>Los padres, tutores o encargados, deber\u00e1n manifestar por escrito la voluntad de no adherirse a la modalidad presencial educativa del alumno.<\/p>\n<p>Los alumnos, tanto presenciales como los no presenciales, deben seguir con las trayectorias educativa a trav\u00e9s de la evaluaci\u00f3n formativa, procesual y cualitativa.<\/p>\n<p>Los que optan por la presencialidad cuidada voluntaria bimodal y sincr\u00f3nica seguir\u00e1n con el desarrollo de la Unidad Pedag\u00f3gica en el aula.<\/p>\n<p>Los que opten por la no presencialidad virtualidad seguir\u00e1n las trayectorias pedag\u00f3gicas a trav\u00e9s de las plataformas Nuestras Aulas en L\u00ednea o Innovatec, o las gu\u00edas impresas en papel.<\/p>\n<p>El acuerdo alcanzado entre gremios y funcionarios comprende al sistema de educaci\u00f3n gesti\u00f3n estatal y privada, como que cualquier incumplimiento a estos acuerdos ser\u00e1 considerado como falta grave a todos los efectos jur\u00eddicos que correspondan.<\/p>\n<p><img loading=\"lazy\" decoding=\"async\" class=\"alignnone wp-image-38449 size-full\" src=\"https:\/\/vocesparalelas.com.ar\/sitio\/wp-content\/uploads\/2021\/06\/EDUCACION-02-.jpg\" alt=\"\" width=\"800\" height=\"600\" srcset=\"https:\/\/vocesparalelas.com.ar\/sitio\/wp-content\/uploads\/2021\/06\/EDUCACION-02-.jpg 800w, https:\/\/vocesparalelas.com.ar\/sitio\/wp-content\/uploads\/2021\/06\/EDUCACION-02--300x225.jpg 300w, https:\/\/vocesparalelas.com.ar\/sitio\/wp-content\/uploads\/2021\/06\/EDUCACION-02--768x576.jpg 768w\" sizes=\"auto, (max-width: 800px) 100vw, 800px\" \/><\/p>\n<p>&nbsp;<\/p>\n<p>&nbsp;<\/p>\n","protected":false},"excerpt":{"rendered":"<p>El Viernes, 4 de Junio, el ministro de Educaci\u00f3n del Gobierno de San Juan, Lic. Felipe De Los R\u00edos, se<\/p>\n","protected":false},"author":3,"featured_media":38448,"comment_status":"closed","ping_status":"closed","sticky":false,"template":"","format":"standard","meta":{"_acf_changed":false,"_seopress_robots_primary_cat":"none","_seopress_titles_title":"","_seopress_titles_desc":"","_seopress_robots_index":"","colormag_page_container_layout":"default_layout","colormag_page_sidebar_layout":"default_layout","footnotes":""},"categories":[6],"tags":[],"class_list":["post-38446","post","type-post","status-publish","format-standard","has-post-thumbnail","hentry","category-eventos"],"acf":[],"_links":{"self":[{"href":"https:\/\/vocesparalelas.com.ar\/sitio\/wp-json\/wp\/v2\/posts\/38446","targetHints":{"allow":["GET"]}}],"collection":[{"href":"https:\/\/vocesparalelas.com.ar\/sitio\/wp-json\/wp\/v2\/posts"}],"about":[{"href":"https:\/\/vocesparalelas.com.ar\/sitio\/wp-json\/wp\/v2\/types\/post"}],"author":[{"embeddable":true,"href":"https:\/\/vocesparalelas.com.ar\/sitio\/wp-json\/wp\/v2\/users\/3"}],"replies":[{"embeddable":true,"href":"https:\/\/vocesparalelas.com.ar\/sitio\/wp-json\/wp\/v2\/comments?post=38446"}],"version-history":[{"count":1,"href":"https:\/\/vocesparalelas.com.ar\/sitio\/wp-json\/wp\/v2\/posts\/38446\/revisions"}],"predecessor-version":[{"id":38450,"href":"https:\/\/vocesparalelas.com.ar\/sitio\/wp-json\/wp\/v2\/posts\/38446\/revisions\/38450"}],"wp:featuredmedia":[{"embeddable":true,"href":"https:\/\/vocesparalelas.com.ar\/sitio\/wp-json\/wp\/v2\/media\/38448"}],"wp:attachment":[{"href":"https:\/\/vocesparalelas.com.ar\/sitio\/wp-json\/wp\/v2\/media?parent=38446"}],"wp:term":[{"taxonomy":"category","embeddable":true,"href":"https:\/\/vocesparalelas.com.ar\/sitio\/wp-json\/wp\/v2\/categories?post=38446"},{"taxonomy":"post_tag","embeddable":true,"href":"https:\/\/vocesparalelas.com.ar\/sitio\/wp-json\/wp\/v2\/tags?post=38446"}],"curies":[{"name":"wp","href":"https:\/\/api.w.org\/{rel}","templated":true}]}}