{"id":38443,"date":"2021-06-04T21:18:21","date_gmt":"2021-06-05T00:18:21","guid":{"rendered":"http:\/\/vocesparalelas.com.ar\/sitio\/?p=38443"},"modified":"2021-06-06T22:11:15","modified_gmt":"2021-06-07T01:11:15","slug":"se-resolvio-aceptar-la-recomendacion-de-votar-por-turnos-segun-el-dni","status":"publish","type":"post","link":"https:\/\/vocesparalelas.com.ar\/sitio\/se-resolvio-aceptar-la-recomendacion-de-votar-por-turnos-segun-el-dni\/","title":{"rendered":"Se resolvi\u00f3 aceptar la recomendaci\u00f3n de votar por turnos seg\u00fan el DNI"},"content":{"rendered":"<p>En una reuni\u00f3n extraordinaria de emergencia, el Consejo Superior de la UNSJ resolvi\u00f3 aceptar la sugerencia del Comit\u00e9 COVID de la provincia de San Juan, respecto de la recomendaci\u00f3n de desdoblar la jornada de elecciones del 10 de junio en turnos seg\u00fan la terminaci\u00f3n del DNI.<\/p>\n<p>Luego, de un profundo debate y con el fin de evitar aglomeraciones, el cuerpo consider\u00f3 tres mociones distintas, que ten\u00edan en com\u00fan el hecho de fijar franjas horarias para la votaci\u00f3n.<\/p>\n<p>Por mayor\u00eda, se acept\u00f3 la moci\u00f3n que contempla la modalidad de recomendar a los electores, a fin de contribuir a la menor concentraci\u00f3n de personas, que concurran a votar en las franjas horarias<\/p>\n<ul>\n<li>de 8 a 14 para las terminaciones de DNI desde 0 a 4, y<\/li>\n<li>en horario de 14 a 19 para las terminaciones de DNI que van de 5 a 9.<\/li>\n<\/ul>\n","protected":false},"excerpt":{"rendered":"<p>En una reuni\u00f3n extraordinaria de emergencia, el Consejo Superior de la UNSJ resolvi\u00f3 aceptar la sugerencia del Comit\u00e9 COVID de<\/p>\n","protected":false},"author":3,"featured_media":36750,"comment_status":"closed","ping_status":"closed","sticky":false,"template":"","format":"standard","meta":{"_acf_changed":false,"_seopress_robots_primary_cat":"none","_seopress_titles_title":"","_seopress_titles_desc":"","_seopress_robots_index":"","colormag_page_container_layout":"default_layout","colormag_page_sidebar_layout":"default_layout","footnotes":""},"categories":[2],"tags":[],"class_list":["post-38443","post","type-post","status-publish","format-standard","has-post-thumbnail","hentry","category-convocatorias"],"acf":[],"_links":{"self":[{"href":"https:\/\/vocesparalelas.com.ar\/sitio\/wp-json\/wp\/v2\/posts\/38443","targetHints":{"allow":["GET"]}}],"collection":[{"href":"https:\/\/vocesparalelas.com.ar\/sitio\/wp-json\/wp\/v2\/posts"}],"about":[{"href":"https:\/\/vocesparalelas.com.ar\/sitio\/wp-json\/wp\/v2\/types\/post"}],"author":[{"embeddable":true,"href":"https:\/\/vocesparalelas.com.ar\/sitio\/wp-json\/wp\/v2\/users\/3"}],"replies":[{"embeddable":true,"href":"https:\/\/vocesparalelas.com.ar\/sitio\/wp-json\/wp\/v2\/comments?post=38443"}],"version-history":[{"count":1,"href":"https:\/\/vocesparalelas.com.ar\/sitio\/wp-json\/wp\/v2\/posts\/38443\/revisions"}],"predecessor-version":[{"id":38445,"href":"https:\/\/vocesparalelas.com.ar\/sitio\/wp-json\/wp\/v2\/posts\/38443\/revisions\/38445"}],"wp:featuredmedia":[{"embeddable":true,"href":"https:\/\/vocesparalelas.com.ar\/sitio\/wp-json\/wp\/v2\/media\/36750"}],"wp:attachment":[{"href":"https:\/\/vocesparalelas.com.ar\/sitio\/wp-json\/wp\/v2\/media?parent=38443"}],"wp:term":[{"taxonomy":"category","embeddable":true,"href":"https:\/\/vocesparalelas.com.ar\/sitio\/wp-json\/wp\/v2\/categories?post=38443"},{"taxonomy":"post_tag","embeddable":true,"href":"https:\/\/vocesparalelas.com.ar\/sitio\/wp-json\/wp\/v2\/tags?post=38443"}],"curies":[{"name":"wp","href":"https:\/\/api.w.org\/{rel}","templated":true}]}}