{"id":38438,"date":"2021-06-04T19:11:22","date_gmt":"2021-06-04T22:11:22","guid":{"rendered":"http:\/\/vocesparalelas.com.ar\/sitio\/?p=38438"},"modified":"2021-06-04T23:17:57","modified_gmt":"2021-06-05T02:17:57","slug":"campana-de-caritas-para-su-tradicional-colecta-anual","status":"publish","type":"post","link":"https:\/\/vocesparalelas.com.ar\/sitio\/campana-de-caritas-para-su-tradicional-colecta-anual\/","title":{"rendered":"Campa\u00f1a de C\u00e1ritas para su tradicional Colecta Anual"},"content":{"rendered":"<p>Tras registrar un r\u00e9cord hist\u00f3rico de m\u00e1s de 3.000.000 de personas alcanzadas con ayuda material, C\u00e1ritas Argentina realiza su tradicional Colecta Anual en todo el pa\u00eds el S\u00e1bado, 12 y el Domingo, 13 de Junio, bajo el lema \u201cEn tiempos dif\u00edciles compartamos m\u00e1s\u201d.<\/p>\n<p>Por segundo a\u00f1o consecutivo, C\u00c1RITAS basa su estrategia de recolecci\u00f3n de fondos en las redes sociales y plataformas digitales de donaci\u00f3n, de manera de equilibrar el tradicional formato presencial, afectado por las restricciones a la circulaci\u00f3n producto de la pandemia de Covid-19.<\/p>\n<p><iframe loading=\"lazy\" title=\"COLECTA CARITAS\" width=\"800\" height=\"450\" src=\"https:\/\/www.youtube.com\/embed\/G01vxvLF06s?feature=oembed\" frameborder=\"0\" allow=\"accelerometer; autoplay; clipboard-write; encrypted-media; gyroscope; picture-in-picture\" allowfullscreen><\/iframe><\/p>\n<p>Aunque se mantienen los tradicionales sobres y urnas para quienes deseen acercarse a las parroquias y colaborar de forma f\u00edsica, la campa\u00f1a 2021 est\u00e1 a tono con las instrucciones sanitarias vigentes, para evitar contagios.<\/p>\n<p><img loading=\"lazy\" decoding=\"async\" class=\"alignnone wp-image-38440 size-full\" src=\"https:\/\/vocesparalelas.com.ar\/sitio\/wp-content\/uploads\/2021\/06\/CARITAS-01.jpg\" alt=\"\" width=\"800\" height=\"800\" srcset=\"https:\/\/vocesparalelas.com.ar\/sitio\/wp-content\/uploads\/2021\/06\/CARITAS-01.jpg 800w, https:\/\/vocesparalelas.com.ar\/sitio\/wp-content\/uploads\/2021\/06\/CARITAS-01-300x300.jpg 300w, https:\/\/vocesparalelas.com.ar\/sitio\/wp-content\/uploads\/2021\/06\/CARITAS-01-150x150.jpg 150w, https:\/\/vocesparalelas.com.ar\/sitio\/wp-content\/uploads\/2021\/06\/CARITAS-01-768x768.jpg 768w\" sizes=\"auto, (max-width: 800px) 100vw, 800px\" \/><\/p>\n","protected":false},"excerpt":{"rendered":"<p>Tras registrar un r\u00e9cord hist\u00f3rico de m\u00e1s de 3.000.000 de personas alcanzadas con ayuda material, C\u00e1ritas Argentina realiza su tradicional<\/p>\n","protected":false},"author":3,"featured_media":28770,"comment_status":"closed","ping_status":"closed","sticky":false,"template":"","format":"video","meta":{"_acf_changed":false,"_seopress_robots_primary_cat":"none","_seopress_titles_title":"","_seopress_titles_desc":"","_seopress_robots_index":"","colormag_page_container_layout":"default_layout","colormag_page_sidebar_layout":"default_layout","footnotes":""},"categories":[20,7],"tags":[],"class_list":["post-38438","post","type-post","status-publish","format-video","has-post-thumbnail","hentry","category-cartelera","category-videos","post_format-post-format-video"],"acf":[],"_links":{"self":[{"href":"https:\/\/vocesparalelas.com.ar\/sitio\/wp-json\/wp\/v2\/posts\/38438","targetHints":{"allow":["GET"]}}],"collection":[{"href":"https:\/\/vocesparalelas.com.ar\/sitio\/wp-json\/wp\/v2\/posts"}],"about":[{"href":"https:\/\/vocesparalelas.com.ar\/sitio\/wp-json\/wp\/v2\/types\/post"}],"author":[{"embeddable":true,"href":"https:\/\/vocesparalelas.com.ar\/sitio\/wp-json\/wp\/v2\/users\/3"}],"replies":[{"embeddable":true,"href":"https:\/\/vocesparalelas.com.ar\/sitio\/wp-json\/wp\/v2\/comments?post=38438"}],"version-history":[{"count":2,"href":"https:\/\/vocesparalelas.com.ar\/sitio\/wp-json\/wp\/v2\/posts\/38438\/revisions"}],"predecessor-version":[{"id":38457,"href":"https:\/\/vocesparalelas.com.ar\/sitio\/wp-json\/wp\/v2\/posts\/38438\/revisions\/38457"}],"wp:featuredmedia":[{"embeddable":true,"href":"https:\/\/vocesparalelas.com.ar\/sitio\/wp-json\/wp\/v2\/media\/28770"}],"wp:attachment":[{"href":"https:\/\/vocesparalelas.com.ar\/sitio\/wp-json\/wp\/v2\/media?parent=38438"}],"wp:term":[{"taxonomy":"category","embeddable":true,"href":"https:\/\/vocesparalelas.com.ar\/sitio\/wp-json\/wp\/v2\/categories?post=38438"},{"taxonomy":"post_tag","embeddable":true,"href":"https:\/\/vocesparalelas.com.ar\/sitio\/wp-json\/wp\/v2\/tags?post=38438"}],"curies":[{"name":"wp","href":"https:\/\/api.w.org\/{rel}","templated":true}]}}