{"id":38432,"date":"2021-06-04T18:19:10","date_gmt":"2021-06-04T21:19:10","guid":{"rendered":"http:\/\/vocesparalelas.com.ar\/sitio\/?p=38432"},"modified":"2021-06-06T21:28:48","modified_gmt":"2021-06-07T00:28:48","slug":"inscripciones-abiertas-para-cursar-matematica-ingreso-2022-a-las-carreras-de-grado-de-la-fi-de-la-unsj","status":"publish","type":"post","link":"https:\/\/vocesparalelas.com.ar\/sitio\/inscripciones-abiertas-para-cursar-matematica-ingreso-2022-a-las-carreras-de-grado-de-la-fi-de-la-unsj\/","title":{"rendered":"Inscripciones abiertas para Cursar Matem\u00e1tica \u00abIngreso 2022\u00bb a las carreras de grado de la FI de la UNSJ"},"content":{"rendered":"<p>Se encuentran abiertas las inscripciones al Curso de Apoyo de Matem\u00e1tica para Ingreso a la Facultad de Ingenier\u00eda 2022 de la UNSJ, Modalidad No Presencial.<\/p>\n<p>Para inscribirse en el aula virtual, los aspirantes deben llenar un formulario a trav\u00e9s del enlace: <a href=\"https:\/\/forms.gle\/AGBcbQR5VePSSonW7\">https:\/\/forms.gle\/AGBcbQR5VePSSonW7<\/a><\/p>\n<p><span style=\"color: #00ff00;\"><strong>Importante<\/strong><\/span><\/p>\n<p>Quienes se inscribieron previamente en las dos asignaturas del Ingreso no deben volver a llenar el formulario.<\/p>\n<p><span style=\"color: #00ff00;\"><strong>Cronograma general de cursado de Matem\u00e1tica<\/strong><\/span><\/p>\n<ul>\n<li><span style=\"color: #00ff00;\"><strong>Plazo de inscripci\u00f3n:<\/strong><\/span> 01 al 25 de Junio<\/li>\n<li><span style=\"color: #00ff00;\"><strong>Taller de Orientaci\u00f3n Inicial: <\/strong><\/span>19 de Junio a las 9 hs.<\/li>\n<li><span style=\"color: #00ff00;\"><strong>Per\u00edodo de clases<\/strong>:<\/span> 26 de Junio al 26 de Agosto<\/li>\n<li><strong><span style=\"color: #00ff00;\">Evaluaciones:<\/span> <\/strong>Parcial N\u00b0 1: 07 de Agosto y Parcial N\u00b0 2: 28 de Agosto<\/li>\n<li><span style=\"color: #00ff00;\"><strong>Examen Final:<\/strong><\/span> 10 de Septiembre y 17 de Septiembre<\/li>\n<\/ul>\n<p><span style=\"color: #00ff00;\"><strong>Introducci\u00f3n a la Vida Universitaria <\/strong><\/span><\/p>\n<ul>\n<li>Requisito de aprobaci\u00f3n: 80% de asistencia<\/li>\n<li><span style=\"line-height: 1.5;\">Cursado en Febrero &#8211; marzo de 2022<\/span><\/li>\n<li><span style=\"line-height: 1.5;\">Inscripci\u00f3n a Matem\u00e1tica de Ingreso a la Facultad de Ingenier\u00eda &#8211; Ciclo 2022<\/span><\/li>\n<\/ul>\n<p><img loading=\"lazy\" decoding=\"async\" class=\"alignnone wp-image-38435 size-full\" src=\"https:\/\/vocesparalelas.com.ar\/sitio\/wp-content\/uploads\/2021\/06\/FI-INGRESO-2022.jpg\" alt=\"\" width=\"800\" height=\"800\" srcset=\"https:\/\/vocesparalelas.com.ar\/sitio\/wp-content\/uploads\/2021\/06\/FI-INGRESO-2022.jpg 800w, https:\/\/vocesparalelas.com.ar\/sitio\/wp-content\/uploads\/2021\/06\/FI-INGRESO-2022-300x300.jpg 300w, https:\/\/vocesparalelas.com.ar\/sitio\/wp-content\/uploads\/2021\/06\/FI-INGRESO-2022-150x150.jpg 150w, https:\/\/vocesparalelas.com.ar\/sitio\/wp-content\/uploads\/2021\/06\/FI-INGRESO-2022-768x768.jpg 768w\" sizes=\"auto, (max-width: 800px) 100vw, 800px\" \/><\/p>\n","protected":false},"excerpt":{"rendered":"<p>Se encuentran abiertas las inscripciones al Curso de Apoyo de Matem\u00e1tica para Ingreso a la Facultad de Ingenier\u00eda 2022 de<\/p>\n","protected":false},"author":3,"featured_media":23028,"comment_status":"closed","ping_status":"closed","sticky":false,"template":"","format":"standard","meta":{"_acf_changed":false,"_seopress_robots_primary_cat":"none","_seopress_titles_title":"","_seopress_titles_desc":"","_seopress_robots_index":"","colormag_page_container_layout":"default_layout","colormag_page_sidebar_layout":"default_layout","footnotes":""},"categories":[9],"tags":[],"class_list":["post-38432","post","type-post","status-publish","format-standard","has-post-thumbnail","hentry","category-cursos"],"acf":[],"_links":{"self":[{"href":"https:\/\/vocesparalelas.com.ar\/sitio\/wp-json\/wp\/v2\/posts\/38432","targetHints":{"allow":["GET"]}}],"collection":[{"href":"https:\/\/vocesparalelas.com.ar\/sitio\/wp-json\/wp\/v2\/posts"}],"about":[{"href":"https:\/\/vocesparalelas.com.ar\/sitio\/wp-json\/wp\/v2\/types\/post"}],"author":[{"embeddable":true,"href":"https:\/\/vocesparalelas.com.ar\/sitio\/wp-json\/wp\/v2\/users\/3"}],"replies":[{"embeddable":true,"href":"https:\/\/vocesparalelas.com.ar\/sitio\/wp-json\/wp\/v2\/comments?post=38432"}],"version-history":[{"count":3,"href":"https:\/\/vocesparalelas.com.ar\/sitio\/wp-json\/wp\/v2\/posts\/38432\/revisions"}],"predecessor-version":[{"id":38437,"href":"https:\/\/vocesparalelas.com.ar\/sitio\/wp-json\/wp\/v2\/posts\/38432\/revisions\/38437"}],"wp:featuredmedia":[{"embeddable":true,"href":"https:\/\/vocesparalelas.com.ar\/sitio\/wp-json\/wp\/v2\/media\/23028"}],"wp:attachment":[{"href":"https:\/\/vocesparalelas.com.ar\/sitio\/wp-json\/wp\/v2\/media?parent=38432"}],"wp:term":[{"taxonomy":"category","embeddable":true,"href":"https:\/\/vocesparalelas.com.ar\/sitio\/wp-json\/wp\/v2\/categories?post=38432"},{"taxonomy":"post_tag","embeddable":true,"href":"https:\/\/vocesparalelas.com.ar\/sitio\/wp-json\/wp\/v2\/tags?post=38432"}],"curies":[{"name":"wp","href":"https:\/\/api.w.org\/{rel}","templated":true}]}}