{"id":38429,"date":"2021-06-04T16:30:03","date_gmt":"2021-06-04T19:30:03","guid":{"rendered":"http:\/\/vocesparalelas.com.ar\/sitio\/?p=38429"},"modified":"2021-06-04T16:30:03","modified_gmt":"2021-06-04T19:30:03","slug":"se-recuerda-la-vigencia-de-las-medidas-sanitarias-contra-el-covid-19-durante-el-5-y-el-6-de-junio","status":"publish","type":"post","link":"https:\/\/vocesparalelas.com.ar\/sitio\/se-recuerda-la-vigencia-de-las-medidas-sanitarias-contra-el-covid-19-durante-el-5-y-el-6-de-junio\/","title":{"rendered":"Se recuerda la vigencia de las medidas sanitarias contra el COVID-19 durante el 5 y el 6 de Junio"},"content":{"rendered":"<p>El Gobierno de la Provincia de San Juan recuerda la de serie de medidas que regir\u00e1n durante los d\u00edas 5 y 6 de junio para evitar un aumento de casos de COVID-19.<\/p>\n<p>Es decir que, durante este s\u00e1bado y domingo se volver\u00e1n a aplicar las medidas de \u00abconfinamiento estricto\u00bb que estuvieron vigentes desde el 22 al 30 de mayo pasado.<\/p>\n<p><strong><span style=\"color: #ff0000;\">Se disponen las siguientes medidas:<\/span><\/strong><\/p>\n<ul>\n<li>Restricci\u00f3n para circular en todo el territorio de la provincia en horario de 18:00 a 06:00 horas los d\u00edas 5 y 6 de junio de 2021.<\/li>\n<li>Las personas deber\u00e1n permanecer en sus residencias habituales y solo podr\u00e1n desplazarse para aprovisionarse de alimentos, art\u00edculos de limpieza, medicamentos y otros art\u00edculos de necesidad en los comercios esenciales, y para retiro de compras autorizadas, siempre en cercan\u00eda a sus domicilios.<\/li>\n<li>Queda suspendidas la presencialidad en las actividades econ\u00f3micas, industriales, comerciales, de servicios, culturales, deportivas, religiosas, educativas, tur\u00edsticas, recreativas y sociales.<\/li>\n<li>Se encuentran prohibidas las reuniones sociales y familiares, en domicilios particulares y espacios p\u00fablicos al aire libre, salvo para el grupo conviviente y para la asistencia de personas que requieran especiales cuidados.<\/li>\n<li>El transporte p\u00fablico ser\u00e1 exclusivo para los trabajadores de tareas esenciales y quienes tengan turno de vacunaci\u00f3n.<\/li>\n<li>Los comercios esenciales podr\u00e1n abrir con los protocolos vigentes en horario de 06 a 18 horas.<\/li>\n<li>Los comercios no esenciales permanecer\u00e1n cerrados en todo el territorio provincial.<\/li>\n<li>Los locales gastron\u00f3micos podr\u00e1n trabajar en la modalidad delivery o retiro en el local desde las 06 horas hasta las 00 horas.<\/li>\n<li>Se suspende la obra p\u00fablica y privada.<\/li>\n<li><strong>Deportes<\/strong>: est\u00e1n prohibidos los deportes federados y recreativos en todas sus categor\u00edas y modalidades.<\/li>\n<li>Solo podr\u00e1n realizarse caminatas en espacios p\u00fablicos, al aire libre, de cercan\u00eda, en forma individual en el horario autorizado para circular, y dando cumplimiento a las reglas de conducta generales y obligatorias. En ning\u00fan caso se podr\u00e1n realizar reuniones de personas, ni concentraciones, ni pr\u00e1cticas recreativas grupales, ni se podr\u00e1 circular fuera del l\u00edmite de residencia.<\/li>\n<li>Permanecer\u00e1n cerrados los clubes, natatorios, gimnasios, canchas de f\u00fatbol y otros establecimientos afines. Las plazas, parques y patios de juegos van a permanecer cerrados.<\/li>\n<li>Permanecer\u00e1n cerrados los locales de eventos y otros establecimientos afines, en espacios cerrados o al aire libre.<\/li>\n<li>Se encuentran suspendidas las actividades en casinos, salas de juego, bingos, agencias y subagencias de quiniela.<\/li>\n<li><strong>Turismo interno<\/strong>: la restricci\u00f3n de circulaci\u00f3n incluye los viajes por motivos tur\u00edsticos.<\/li>\n<\/ul>\n<p>&nbsp;<\/p>\n<p>&nbsp;<\/p>\n","protected":false},"excerpt":{"rendered":"<p>El Gobierno de la Provincia de San Juan recuerda la de serie de medidas que regir\u00e1n durante los d\u00edas 5<\/p>\n","protected":false},"author":3,"featured_media":1245,"comment_status":"closed","ping_status":"closed","sticky":false,"template":"","format":"standard","meta":{"_acf_changed":false,"_seopress_robots_primary_cat":"none","_seopress_titles_title":"","_seopress_titles_desc":"","_seopress_robots_index":"","colormag_page_container_layout":"default_layout","colormag_page_sidebar_layout":"default_layout","footnotes":""},"categories":[1],"tags":[],"class_list":["post-38429","post","type-post","status-publish","format-standard","has-post-thumbnail","hentry","category-destacadas"],"acf":[],"_links":{"self":[{"href":"https:\/\/vocesparalelas.com.ar\/sitio\/wp-json\/wp\/v2\/posts\/38429","targetHints":{"allow":["GET"]}}],"collection":[{"href":"https:\/\/vocesparalelas.com.ar\/sitio\/wp-json\/wp\/v2\/posts"}],"about":[{"href":"https:\/\/vocesparalelas.com.ar\/sitio\/wp-json\/wp\/v2\/types\/post"}],"author":[{"embeddable":true,"href":"https:\/\/vocesparalelas.com.ar\/sitio\/wp-json\/wp\/v2\/users\/3"}],"replies":[{"embeddable":true,"href":"https:\/\/vocesparalelas.com.ar\/sitio\/wp-json\/wp\/v2\/comments?post=38429"}],"version-history":[{"count":1,"href":"https:\/\/vocesparalelas.com.ar\/sitio\/wp-json\/wp\/v2\/posts\/38429\/revisions"}],"predecessor-version":[{"id":38431,"href":"https:\/\/vocesparalelas.com.ar\/sitio\/wp-json\/wp\/v2\/posts\/38429\/revisions\/38431"}],"wp:featuredmedia":[{"embeddable":true,"href":"https:\/\/vocesparalelas.com.ar\/sitio\/wp-json\/wp\/v2\/media\/1245"}],"wp:attachment":[{"href":"https:\/\/vocesparalelas.com.ar\/sitio\/wp-json\/wp\/v2\/media?parent=38429"}],"wp:term":[{"taxonomy":"category","embeddable":true,"href":"https:\/\/vocesparalelas.com.ar\/sitio\/wp-json\/wp\/v2\/categories?post=38429"},{"taxonomy":"post_tag","embeddable":true,"href":"https:\/\/vocesparalelas.com.ar\/sitio\/wp-json\/wp\/v2\/tags?post=38429"}],"curies":[{"name":"wp","href":"https:\/\/api.w.org\/{rel}","templated":true}]}}