{"id":38426,"date":"2021-06-04T16:26:05","date_gmt":"2021-06-04T19:26:05","guid":{"rendered":"http:\/\/vocesparalelas.com.ar\/sitio\/?p=38426"},"modified":"2021-06-05T21:40:59","modified_gmt":"2021-06-06T00:40:59","slug":"se-reprogramo-los-turnos-de-inscripcion-complementaria-2021-de-la-rama-primaria","status":"publish","type":"post","link":"https:\/\/vocesparalelas.com.ar\/sitio\/se-reprogramo-los-turnos-de-inscripcion-complementaria-2021-de-la-rama-primaria\/","title":{"rendered":"Se reprogram\u00f3 los turnos de Inscripci\u00f3n Complementaria 2021 de la Rama Primaria"},"content":{"rendered":"<p>La Junta de Clasificaci\u00f3n Docente Rama Primaria del Ministerio de Educaci\u00f3n del Gobierno de San Juan informa el cronograma reprogramado de turnos para la Inscripci\u00f3n Complementaria:<\/p>\n<ul>\n<li>Turnos del 26\/05\/21 pasan al 07 de Junio<\/li>\n<li>Turnos del 27\/05\/21 pasan al 08 de Junio<\/li>\n<li>Turnos del 28\/05\/21 pasan al 09 de Junio<\/li>\n<li>Turnos del 31\/05\/21 pasan al 10 de Junio<\/li>\n<\/ul>\n<p>Se aclara que cada turno ser\u00e1 atendido en el horario que figura en el formulario de inscripci\u00f3n.<\/p>\n<p>Los interesados deben concurrir con toda la documentaci\u00f3n para registrar la inscripci\u00f3n o no podr\u00e1n realizarla.<\/p>\n<p>Cabe destacar que los turnos de Ingreso a la Docencia e Interinatos y Suplencias 2022 del 1 al 4 de junio que fueron suspendidos se reprogramar\u00e1n, y se comunicar\u00e1 oportunamente con la antelaci\u00f3n debida.<\/p>\n<p>Acto de ofrecimiento de cargo de Maestro de Grado (Art\u00edculo 29\u00b0 Ley 64-H)<\/p>\n<p>Junta Primaria comunica que el 11 de junio del 2021, a las 14,30 horas, en calle Tucum\u00e1n 75 norte, bajo estricto protocolo sanitario, se realizar\u00e1 la entrega de un cargo de Maestro de Grado, seg\u00fan Art\u00edculo 29\u00b0 Ley 64-H y que fue suspendido por razones de p\u00fablico conocimiento.<\/p>\n<p>Por consultas en horario de 8 a 12.30 horas pueden contactarse al 4302206.<\/p>\n<p>&nbsp;<\/p>\n<p>&nbsp;<\/p>\n","protected":false},"excerpt":{"rendered":"<p>La Junta de Clasificaci\u00f3n Docente Rama Primaria del Ministerio de Educaci\u00f3n del Gobierno de San Juan informa el cronograma reprogramado<\/p>\n","protected":false},"author":3,"featured_media":5000,"comment_status":"closed","ping_status":"closed","sticky":false,"template":"","format":"standard","meta":{"_acf_changed":false,"_seopress_robots_primary_cat":"none","_seopress_titles_title":"","_seopress_titles_desc":"","_seopress_robots_index":"","colormag_page_container_layout":"default_layout","colormag_page_sidebar_layout":"default_layout","footnotes":""},"categories":[5],"tags":[],"class_list":["post-38426","post","type-post","status-publish","format-standard","has-post-thumbnail","hentry","category-ofrecimientos"],"acf":[],"_links":{"self":[{"href":"https:\/\/vocesparalelas.com.ar\/sitio\/wp-json\/wp\/v2\/posts\/38426","targetHints":{"allow":["GET"]}}],"collection":[{"href":"https:\/\/vocesparalelas.com.ar\/sitio\/wp-json\/wp\/v2\/posts"}],"about":[{"href":"https:\/\/vocesparalelas.com.ar\/sitio\/wp-json\/wp\/v2\/types\/post"}],"author":[{"embeddable":true,"href":"https:\/\/vocesparalelas.com.ar\/sitio\/wp-json\/wp\/v2\/users\/3"}],"replies":[{"embeddable":true,"href":"https:\/\/vocesparalelas.com.ar\/sitio\/wp-json\/wp\/v2\/comments?post=38426"}],"version-history":[{"count":1,"href":"https:\/\/vocesparalelas.com.ar\/sitio\/wp-json\/wp\/v2\/posts\/38426\/revisions"}],"predecessor-version":[{"id":38428,"href":"https:\/\/vocesparalelas.com.ar\/sitio\/wp-json\/wp\/v2\/posts\/38426\/revisions\/38428"}],"wp:featuredmedia":[{"embeddable":true,"href":"https:\/\/vocesparalelas.com.ar\/sitio\/wp-json\/wp\/v2\/media\/5000"}],"wp:attachment":[{"href":"https:\/\/vocesparalelas.com.ar\/sitio\/wp-json\/wp\/v2\/media?parent=38426"}],"wp:term":[{"taxonomy":"category","embeddable":true,"href":"https:\/\/vocesparalelas.com.ar\/sitio\/wp-json\/wp\/v2\/categories?post=38426"},{"taxonomy":"post_tag","embeddable":true,"href":"https:\/\/vocesparalelas.com.ar\/sitio\/wp-json\/wp\/v2\/tags?post=38426"}],"curies":[{"name":"wp","href":"https:\/\/api.w.org\/{rel}","templated":true}]}}