{"id":38422,"date":"2021-06-04T16:22:38","date_gmt":"2021-06-04T19:22:38","guid":{"rendered":"http:\/\/vocesparalelas.com.ar\/sitio\/?p=38422"},"modified":"2021-06-05T00:21:11","modified_gmt":"2021-06-05T03:21:11","slug":"el-servicio-de-transporte-publico-funciona-con-normalidad-en-san-juan","status":"publish","type":"post","link":"https:\/\/vocesparalelas.com.ar\/sitio\/el-servicio-de-transporte-publico-funciona-con-normalidad-en-san-juan\/","title":{"rendered":"El servicio de transporte p\u00fablico funciona con normalidad en San Juan"},"content":{"rendered":"<p>Tras participar de las negociaciones con las empresas nucleadas en la Uni\u00f3n Tranviarios Automotor &#8211; UTA &#8211; y la Asociaci\u00f3n de Transporte Automotor de Pasajeros &#8211; ATAP -, el Gobierno de San Juan a trav\u00e9s de la Secretar\u00eda de Tr\u00e1nsito y Transporte confirm\u00f3 la normalizaci\u00f3n del servicio de transporte p\u00fablico.<\/p>\n<p>La instancia de conciliaci\u00f3n lleg\u00f3 a buen puerto con el anuncio de que no se descontar\u00e1n el sueldo de los dos d\u00edas de paro que anteriormente se hab\u00eda realizado en la provincia, y se garantiza el normal funcionamiento del transporte para el d\u00eda viernes y el fin de semana.<\/p>\n<p>&nbsp;<\/p>\n<p>&nbsp;<\/p>\n<p>&nbsp;<\/p>\n","protected":false},"excerpt":{"rendered":"<p>Tras participar de las negociaciones con las empresas nucleadas en la Uni\u00f3n Tranviarios Automotor &#8211; UTA &#8211; y la Asociaci\u00f3n<\/p>\n","protected":false},"author":3,"featured_media":38424,"comment_status":"closed","ping_status":"closed","sticky":false,"template":"","format":"standard","meta":{"_acf_changed":false,"_seopress_robots_primary_cat":"none","_seopress_titles_title":"","_seopress_titles_desc":"","_seopress_robots_index":"","colormag_page_container_layout":"default_layout","colormag_page_sidebar_layout":"default_layout","footnotes":""},"categories":[6],"tags":[],"class_list":["post-38422","post","type-post","status-publish","format-standard","has-post-thumbnail","hentry","category-eventos"],"acf":[],"_links":{"self":[{"href":"https:\/\/vocesparalelas.com.ar\/sitio\/wp-json\/wp\/v2\/posts\/38422","targetHints":{"allow":["GET"]}}],"collection":[{"href":"https:\/\/vocesparalelas.com.ar\/sitio\/wp-json\/wp\/v2\/posts"}],"about":[{"href":"https:\/\/vocesparalelas.com.ar\/sitio\/wp-json\/wp\/v2\/types\/post"}],"author":[{"embeddable":true,"href":"https:\/\/vocesparalelas.com.ar\/sitio\/wp-json\/wp\/v2\/users\/3"}],"replies":[{"embeddable":true,"href":"https:\/\/vocesparalelas.com.ar\/sitio\/wp-json\/wp\/v2\/comments?post=38422"}],"version-history":[{"count":1,"href":"https:\/\/vocesparalelas.com.ar\/sitio\/wp-json\/wp\/v2\/posts\/38422\/revisions"}],"predecessor-version":[{"id":38425,"href":"https:\/\/vocesparalelas.com.ar\/sitio\/wp-json\/wp\/v2\/posts\/38422\/revisions\/38425"}],"wp:featuredmedia":[{"embeddable":true,"href":"https:\/\/vocesparalelas.com.ar\/sitio\/wp-json\/wp\/v2\/media\/38424"}],"wp:attachment":[{"href":"https:\/\/vocesparalelas.com.ar\/sitio\/wp-json\/wp\/v2\/media?parent=38422"}],"wp:term":[{"taxonomy":"category","embeddable":true,"href":"https:\/\/vocesparalelas.com.ar\/sitio\/wp-json\/wp\/v2\/categories?post=38422"},{"taxonomy":"post_tag","embeddable":true,"href":"https:\/\/vocesparalelas.com.ar\/sitio\/wp-json\/wp\/v2\/tags?post=38422"}],"curies":[{"name":"wp","href":"https:\/\/api.w.org\/{rel}","templated":true}]}}