{"id":38413,"date":"2021-06-04T15:47:44","date_gmt":"2021-06-04T18:47:44","guid":{"rendered":"http:\/\/vocesparalelas.com.ar\/sitio\/?p=38413"},"modified":"2021-06-04T15:47:44","modified_gmt":"2021-06-04T18:47:44","slug":"sesiono-la-106-asamblea-del-consejo-federal-de-educacion-de-argentina","status":"publish","type":"post","link":"https:\/\/vocesparalelas.com.ar\/sitio\/sesiono-la-106-asamblea-del-consejo-federal-de-educacion-de-argentina\/","title":{"rendered":"Sesion\u00f3 la 106\u00b0 asamblea del Consejo Federal de Educaci\u00f3n de Argentina"},"content":{"rendered":"<p>El Viernes, 04 de Junio, el ministro de Educaci\u00f3n del Gobierno de San Juan, Lic. Felipe De Los R\u00edos, particip\u00f3 de la Asamblea N\u00ba 106 del Consejo Federal de Educaci\u00f3n &#8211; CFE -, presidida por el titular de la cartera educativa nacional, Dr. Nicol\u00e1s Trotta a trav\u00e9s de una videoconferencia con los referentes educativos de las 24 jurisdicciones del pa\u00eds.<\/p>\n<p><span style=\"color: #008000;\">Entre los temas de la agenda oficial a analizar se destacan:<\/span><\/p>\n<ul>\n<li>Elecci\u00f3n vicepresidente\/a de la 106\u00b0 Asamblea.<\/li>\n<li>Presentaci\u00f3n del Centro de Pol\u00edticas Educativas Federales a cargo de su Director, Dr. Diego PANDO.<\/li>\n<\/ul>\n<p>Conversatorio sobre la importancia del Centro de Pol\u00edticas Educativas Federales a cargo de:<\/p>\n<ul>\n<li>Directora del Programa de Educaci\u00f3n de CIPPEC, Dra. Alejandra CARDINI.<\/li>\n<li>Vicepresidente de la Asociaci\u00f3n de Administradores Gubernamentales, Dr. Horacio CAO.<\/li>\n<li>Secretario General del Consejo Federal de Educaci\u00f3n, Prof. Mario OPORTO.<\/li>\n<\/ul>\n<p>Presentaci\u00f3n de la Ley de Educaci\u00f3n Ambiental con la intervenci\u00f3n del Sr. Ministro de Ambiente y Desarrollo Sustentable, Juan Cabandi\u00e9.<\/p>\n<p>Presentaci\u00f3n de estado de situaci\u00f3n de las pol\u00edticas que atienden a las personas con consumos problem\u00e1ticos, a cargo de la Secretaria de Pol\u00edticas Integrales sobre Drogas de la Naci\u00f3n Argentina, Lic. Gabriela TORRES<\/p>\n<p>Tratamiento resoluci\u00f3n CLAN -Capacitaci\u00f3n Laboral de Alcance Nacional- (INET), a cargo del Director Ejecutivo del Instituto Nacional de Educaci\u00f3n Tecnol\u00f3gica, Dr. Diego GOLOMBEK.<\/p>\n<p>A las 11 hs. el ministro De Los R\u00edos, realiz\u00f3 un intervalo dejando la asamblea en representaci\u00f3n de la provincia la Secretaria de Educaci\u00f3n, Lic. Rosana Vicentella, para \u00e9l recibir a los gremios docentes UDAP, UDA y AMET para cerrar la modalidad de la presencialidad cuidada voluntaria bimodal y alternada, especificando la metodolog\u00eda a aplicar, para aclarar que no es un doble trabajo para los docentes.<\/p>\n","protected":false},"excerpt":{"rendered":"<p>El Viernes, 04 de Junio, el ministro de Educaci\u00f3n del Gobierno de San Juan, Lic. Felipe De Los R\u00edos, particip\u00f3<\/p>\n","protected":false},"author":3,"featured_media":38415,"comment_status":"closed","ping_status":"closed","sticky":false,"template":"","format":"standard","meta":{"_acf_changed":false,"_seopress_robots_primary_cat":"none","_seopress_titles_title":"","_seopress_titles_desc":"","_seopress_robots_index":"","colormag_page_container_layout":"default_layout","colormag_page_sidebar_layout":"default_layout","footnotes":""},"categories":[1],"tags":[],"class_list":["post-38413","post","type-post","status-publish","format-standard","has-post-thumbnail","hentry","category-destacadas"],"acf":[],"_links":{"self":[{"href":"https:\/\/vocesparalelas.com.ar\/sitio\/wp-json\/wp\/v2\/posts\/38413","targetHints":{"allow":["GET"]}}],"collection":[{"href":"https:\/\/vocesparalelas.com.ar\/sitio\/wp-json\/wp\/v2\/posts"}],"about":[{"href":"https:\/\/vocesparalelas.com.ar\/sitio\/wp-json\/wp\/v2\/types\/post"}],"author":[{"embeddable":true,"href":"https:\/\/vocesparalelas.com.ar\/sitio\/wp-json\/wp\/v2\/users\/3"}],"replies":[{"embeddable":true,"href":"https:\/\/vocesparalelas.com.ar\/sitio\/wp-json\/wp\/v2\/comments?post=38413"}],"version-history":[{"count":1,"href":"https:\/\/vocesparalelas.com.ar\/sitio\/wp-json\/wp\/v2\/posts\/38413\/revisions"}],"predecessor-version":[{"id":38416,"href":"https:\/\/vocesparalelas.com.ar\/sitio\/wp-json\/wp\/v2\/posts\/38413\/revisions\/38416"}],"wp:featuredmedia":[{"embeddable":true,"href":"https:\/\/vocesparalelas.com.ar\/sitio\/wp-json\/wp\/v2\/media\/38415"}],"wp:attachment":[{"href":"https:\/\/vocesparalelas.com.ar\/sitio\/wp-json\/wp\/v2\/media?parent=38413"}],"wp:term":[{"taxonomy":"category","embeddable":true,"href":"https:\/\/vocesparalelas.com.ar\/sitio\/wp-json\/wp\/v2\/categories?post=38413"},{"taxonomy":"post_tag","embeddable":true,"href":"https:\/\/vocesparalelas.com.ar\/sitio\/wp-json\/wp\/v2\/tags?post=38413"}],"curies":[{"name":"wp","href":"https:\/\/api.w.org\/{rel}","templated":true}]}}