{"id":38409,"date":"2021-06-04T00:49:28","date_gmt":"2021-06-04T03:49:28","guid":{"rendered":"http:\/\/vocesparalelas.com.ar\/sitio\/?p=38409"},"modified":"2021-06-04T00:49:28","modified_gmt":"2021-06-04T03:49:28","slug":"aprobaron-convenios-para-incentivar-el-consumo-y-fortalecer-el-sector-productivo","status":"publish","type":"post","link":"https:\/\/vocesparalelas.com.ar\/sitio\/aprobaron-convenios-para-incentivar-el-consumo-y-fortalecer-el-sector-productivo\/","title":{"rendered":"Aprobaron convenios para incentivar el consumo y fortalecer el sector productivo"},"content":{"rendered":"<div class=\"itemFullText jbintrotext\">\n<p>Consisten en cinco l\u00edneas de cr\u00e9ditos tendientes a morigerar el fuerte impacto en la producci\u00f3n y en el comercio generado por la emergencia sanitaria por la pandemia de Covid-19. Estas medidas econ\u00f3micas son implementadas por los ministerios\u00a0 de la Producci\u00f3n y Desarrollo Econ\u00f3mico, y de Hacienda y Finanzas de la provincia con la cooperaci\u00f3n del Banco de San Juan S.A. como Agente Financiero de la Provincia de San Juan.<\/p>\n<\/div>\n<div class=\"itemFullText\">\n<p>La Quinta Sesi\u00f3n del per\u00edodo ordinario estuvo encabezada por el vicepresidente primero de la C\u00e1mara, diputado Eduardo Cabello. Cabe se\u00f1alar que al inicio de la misma fue realizado, tal como se acord\u00f3 en la reuni\u00f3n de labor parlamentaria, un minuto de silencio en memoria del director de Inform\u00e1tica del Poder Legislativo, Orlando Lahoz, fallecido el pasado lunes 31 de mayo de 2021, v\u00edctima de una breve enfermedad.<\/p>\n<p>Por otro lado, ratificaron dos convenios suscriptos entre la Secretar\u00eda del H\u00e1bitat del Ministerio de Desarrollo Territorial y H\u00e1bitat, y la provincia de San Juan para la construcci\u00f3n de viviendas en los departamentos Rivadavia y Pocito, en el marco del \u201cPrograma Casa Propia- Construir Futuro\u201d.<\/p>\n<p>Adem\u00e1s, otorgaron acuerdo a tres convenios m\u00e1s. Uno de cooperaci\u00f3n T\u00e9cnica, suscripto entre la Secretaria de Estado de Ambiente y Desarrollo Sustentable, y la Asociaci\u00f3n de Criadores de Psit\u00e1cidos y Ornamentales; otro \u00a0firmado entre la Agencia Territorial San Juan del Ministerio de Trabajo, Empleo y Seguridad Social de la Naci\u00f3n, y el Ministerio de Gobierno de la Provincia de San Juan; y por \u00faltimo, un convenio entre la provincia y el Ministerio de Transporte de la Naci\u00f3n, referido a la realizaci\u00f3n de las mejoras de infraestructura en el marco del Sistema de Transporte P\u00fablico de Pasajeros denominado \u201cRedTulum\u201d.<\/p>\n<p>Tambi\u00e9n, el cuerpo legislativo modific\u00f3 la Ley de creaci\u00f3n del Observatorio Ambiental; instituy\u00f3 el D\u00eda Provincial de la Prevenci\u00f3n S\u00edsmica, una iniciativa del diputado Gast\u00f3n Berenguer. Asimismo, declar\u00f3 de inter\u00e9s el Plan Fines Adaptado, una propuesta presentada por los legisladores Juan Carlos Gioja, Leonardo Gioja y la diputada Graciela Seva; y \u00a0las conferencias \u201cAm\u00e9rica sin fronteras\u201d por el aniversario del Parque Natural Valle F\u00e9rtil, una propuesta del diputado Silvio Atencio.<\/p>\n<p><span style=\"color: #993366;\"><strong>L\u00edneas de cr\u00e9ditos para el sector productivo<\/strong><\/span><\/p>\n<p>Tras la explicaci\u00f3n de los detalles t\u00e9cnicos y los fundamentos por parte del diputado Rodolfo Jalife como miembro informante, el cuerpo legislativo decidi\u00f3 ratificar una serie de convenios sobre \u201cIncentivo al consumo y reactivaci\u00f3n econ\u00f3mica en comercio\u201d, \u201cPr\u00e9stamos con destino a Capital de Trabajo\u201d; \u201cFinanciamiento de Capital de Trabajo- Descuentos de Cheques\u201d; y de \u201cL\u00ednea global de financiamiento de proyectos de inversi\u00f3n\u201d, firmados el 5 de abril de 2021 y sobre \u201cInversi\u00f3n productiva-Bonificaci\u00f3n de Tasa de Inter\u00e9s\u201d, suscrito el 12 de abril del corriente a\u00f1o, entre el Gobierno de San Juan, el Ministerio\u00a0 de la Producci\u00f3n y Desarrollo Econ\u00f3mico, el Ministerio de Hacienda y Finanzas, por una parte, y por la otra, el Banco de San Juan S.A.<\/p>\n<p>Los referidos Convenios fueron celebrados en el marco de lo dispuesto en la Ley Provincial N\u00b0 I605-A; los Art\u00edculos n\u00ba 40 , inciso b) apartado 3), y n\u00ba 220 de la Ley de Ministerios N\u00b0 1101-A; el Art\u00edculo 9\u00b0 del Contrato de Vinculaci\u00f3n con el Banco de San Juan S.A., aprobado por Decreto N\u00b0 1963-MHF-2017. En raz\u00f3n de la situaci\u00f3n sanitaria de emergencia, y las medidas tomadas en virtud de la pandemia COVID 19, que generaron un fuerte impacto econ\u00f3mico y social, y con el prop\u00f3sito de implementar medidas tendientes a morigerarlo, incentivando el movimiento y reactivaci\u00f3n econ\u00f3mica, la Provincia implementa una acci\u00f3n comercial destinada a impulsar el consumo, con la cooperaci\u00f3n del Banco de San Juan S.A. como Agente Financiero de la Provincia de San Juan.<\/p>\n<p>Puntualmente el <span style=\"color: #993366;\"><strong>Convenio \u00abIncentivo al Consumo y Reactivaci\u00f3n Econ\u00f3mica en Comercios\u00bb,<\/strong> <\/span>tiene por objeto la implementaci\u00f3n de una acci\u00f3n promocional por la que la Provincia asumir\u00e1 un porcentaje del quince por ciento (15%) de descuento, en el precio del consumo de bienes y servicios, por las compras efectuadas por los titulares y adicionales de tarjetas de Cr\u00e9dito VISA y Master Card emitidas por el Banco San Juan, en los comercios situados y que presten servicios en la provincia de San Juan, adheridos al Banco. El monto total comprometido por la Provincia para el referido Convenio, est\u00e1 en el orden de la suma de siete millones quinientos mil pesos ($ 7.500.000,00), por mes calendario. La referida promoci\u00f3n entrar\u00e1 en vigencia a partir del d\u00eda 16\/04\/2021 y se extender\u00e1 por sesenta d\u00edas corridos, venciendo el d\u00eda 16\/06\/2021, con posibilidad de pr\u00f3rroga en iguales condiciones, de manera autom\u00e1tica, por un per\u00edodo de treinta d\u00edas m\u00e1s. A menos que cualquiera de las partes comunique a la otra su intenci\u00f3n de darlo por terminado, con al menos tres d\u00edas h\u00e1biles de antelaci\u00f3n (esto es, hasta el 11\/06\/2021).<\/p>\n<p>En cuanto al <span style=\"color: #993366;\"><strong>Convenio \u00abPr\u00e9stamos con Destino a Capital de Trabajo\u00bb<\/strong>,<\/span> consiste en la implementaci\u00f3n de un mecanismo de bonificaci\u00f3n de la tasa de inter\u00e9s, a cargo de la Provincia, en los cr\u00e9ditos que sean otorgados por el Banco, de acuerdo a su capacidad prestable, en el marco de esta l\u00ednea de cr\u00e9dito, conforme a las condiciones que establece, a las personas humanas o jur\u00eddicas que cumplan la condici\u00f3n de Micro, Peque\u00f1a o Mediana Empresa. Asimismo, se acuerda que a los beneficiarios liderados o de propiedad de mujeres, se les destinar\u00e1 al menos un 20 % del monto total de la L\u00ednea de Cr\u00e9ditos, entendi\u00e9ndose por tales a aquellas que cuenten con m\u00e1s del 50% de las acciones de titularidad de mujeres o con al menos el 25% de las acciones bajo la titularidad de mujeres y al menos una mujer en un puesto de decisi\u00f3n (gerencial o directivo). El monto m\u00e1ximo de la L\u00ednea es de trescientos millones de pesos ($ 300.000.000,00), y el monto m\u00e1ximo por empresa es de cinco millones de pesos ($ 5.000.000,00); y la Provincia, asumir\u00e1 diez puntos porcentuales anuales por un plazo de doce meses.<\/p>\n<p>Mientras, el <span style=\"color: #993366;\"><strong>Convenio \u00abFinanciamiento de Capital de Trabajo- Descuentos de Cheques\u00bb,<\/strong> <\/span>tiene por objeto la implementaci\u00f3n de un mecanismo de bonificaci\u00f3n de la tasa de inter\u00e9s, a cargo de la Provincia, en los cr\u00e9ditos que sean otorgados por el Banco a MIPYMES que desarrollen una actividad productiva en la provincia de San Juan, de acuerdo a su capacidad prestable, a trav\u00e9s del financiamiento del capital de trabajo, mediante el descuento de cheques de pago diferido de terceros, conforme a los t\u00e9rminos y condiciones que se establecen en el Convenio. La suma total de esta L\u00ednea de Cr\u00e9dito es de quinientos millones de pesos ($ 500.000.000,00) renovable. Dicho monto no podr\u00e1 superarse en ning\u00fan momento; sin embargo podr\u00e1 el Banco, en la medida que se vayan cancelando las financiaciones otorgadas, renovarlo en forma permanente durante el tiempo de vigencia de la L\u00ednea. La Provincia acuerda conceder a los beneficiarios de esta L\u00ednea, una bonificaci\u00f3n de diez puntos porcentuales en la Tasa de Inter\u00e9s aplicable a la operaci\u00f3n de descuento, la que ser\u00e1 pagada por la Provincia al Banco con los alcances y en las condiciones que se establecen en el Convenio. La fecha m\u00e1xima para descontar cheques a los beneficiarios ser\u00e1 el 31 de diciembre de 2021, la que podr\u00e1 ser prorrogada en los t\u00e9rminos dispuestos en la Cl\u00e1usula Cuarta del Convenio.<\/p>\n<p>Por el <span style=\"color: #993366;\"><strong>Convenio \u00abL\u00ednea Global de Financiamiento de Proyectos de Inversi\u00f3n\u00bb<\/strong>,<\/span> se dispone la implementaci\u00f3n de una L\u00ednea de Cr\u00e9dito con la finalidad de implementar un mecanismo de bonificaci\u00f3n de la tasa de inter\u00e9s, a cargo de la Provincia, en los cr\u00e9ditos que sean otorgados por el Banco, de acuerdo a su capacidad prestable en el marco de esta l\u00ednea de cr\u00e9dito.\u00a0 Est\u00e1 destinado a las Medianas y Grandes Empresas en los t\u00e9rminos de la Resoluci\u00f3n 220\/19 de la Secretar\u00eda de Emprendedores y de la Peque\u00f1a y Mediana Empresa,\u00a0 que desarrollen su actividad en la Provincia de San Juan, siendo clientes del Banco o no clientes a vincularse. La finalidad de dicho Convenio es la financiaci\u00f3n de proyectos de inversi\u00f3n destinados a la ampliaci\u00f3n de la capacidad productiva o proyecten la incorporaci\u00f3n de personal, en el marco de la generaci\u00f3n de empleo y aumento de la capacidad productiva y su duraci\u00f3n es de cuarenta y ocho meses, incluyendo seis meses de gracia para el pago de capital.<\/p>\n<p>El Banco otorgar\u00e1 cr\u00e9ditos en el marco de esta L\u00ednea, por una suma de hasta quinientos millones de pesos ($500.000.000,00) y la Provincia acuerda conceder a los beneficiarios de la L\u00ednea una bonificaci\u00f3n en la Tasa de Inter\u00e9s Aplicable, consistente en la asunci\u00f3n por parte de la misma de hasta catorce puntos porcentuales, siendo ocho puntos porcentuales fijos aplicables a todos los cr\u00e9ditos, y los otros seis puntos porcentuales ser\u00e1n variables y aplicables en funci\u00f3n al incremento de la n\u00f3mina de personal del beneficiario.<\/p>\n<p>Y por \u00faltimo, el objeto del <span style=\"color: #993366;\"><strong>Convenio \u00abInversi\u00f3n Productiva- Bonificaci\u00f3n de Tasa de Inter\u00e9s\u00bb<\/strong><\/span>, es establecer un r\u00e9gimen para que la Provincia bonifique ocho puntos porcentuales anuales de la tasa de inter\u00e9s aplicable a los pr\u00e9stamos que otorgue el Banco a los beneficiarios, durante toda la vigencia de los cr\u00e9ditos. La bonificaci\u00f3n asumida por parte de la Provincia ser\u00e1 aplicable a los pr\u00e9stamos desembolsados por el Banco a favor de los beneficiarios, siempre que cumplan con los requisitos establecidos en el Convenio, comprometi\u00e9ndose la Provincia a contar con las partidas presupuestarias necesarias y suficientes para afrontar los compromisos que adquiere a partir del Convenio, mediante el dictado de los actos legislativos y administrativos correspondientes.<\/p>\n<p>El monto total para esta L\u00ednea de Cr\u00e9ditos que compromete el Banco, asciende a la suma de cuatrocientos millones de pesos ($400.000.000,00), manteniendo el an\u00e1lisis de riesgo crediticio de los beneficiarios, como asimismo quedando sujeto a la obtenci\u00f3n del subsidio de tasa del FONDEP de ocho puntos porcentuales anuales de la tasa de inter\u00e9s de los pr\u00e9stamos a los beneficiarios, durante los primeros 24 meses, adem\u00e1s del comprometido por la Provincia, de modo que la tasa de los cr\u00e9ditos quede con los subsidios descontados en catorce por ciento (14%) nominal anual durante los primeros veinticuatro meses y en veintid\u00f3s por ciento (22%) durante el resto del plazo de vigencia de los cr\u00e9ditos.<\/p>\n<p>Asimismo, la Provincia reconoce que el Banco deber\u00e1 obtener a su entera satisfacci\u00f3n el otorgamiento de las garant\u00edas que considere suficientes como condici\u00f3n precedente al desembolso de cada cr\u00e9dito. Ser\u00e1n beneficiarios de esta L\u00ednea de Cr\u00e9ditos las personas humanas o jur\u00eddicas que cumplan la condici\u00f3n de Micro, Peque\u00f1a o Mediana Empresa, en los t\u00e9rminos de la resoluci\u00f3n n\u00ba 220\/19 de la Secretar\u00eda de Emprendedores y de la Peque\u00f1a y Mediana Empresa, que cuenten con certificado MiPyME vigente y que desarrollen su actividad en la provincia de San Juan en los sectores Agroindustrial, Industrial y de Servicios aceptados por el FONDEP (los \u00abBeneficiarios\u00bb), y excluyendo aquellos que el FONDEP excluye.<\/p>\n<p>Tambi\u00e9n, se acuerda que a los beneficiarios que sean liderados o de propiedad de mujeres, se les destinar\u00e1 al menos un veinte por ciento (20 %) del monto total de la L\u00ednea de Cr\u00e9ditos. A tal fin, se entender\u00e1 por este tipo de beneficiarios a aquellas MiPyMES que cuenten con m\u00e1s del cincuenta por ciento (50%) del paquete accionario bajo la titularidad de mujeres o con al menos el veinticinco por ciento (25%) del paquete accionario bajo la titularidad de mujeres y al menos una mujer en un puesto de decisi\u00f3n (gerencial o directivo) productiva; y su duraci\u00f3n es de cuarenta y ocho (48) meses, incluyendo seis meses de gracia para el pago de capital. El plazo de los pr\u00e9stamos ser\u00e1 de cuarenta y ocho meses, incluido el periodo de gracia de seis meses para capital, y sin plazo de gracia para intereses.<\/p>\n<p><span style=\"color: #993366;\"><strong>Construcci\u00f3n de viviendas en Pocito y Rivadavia<\/strong><\/span><\/p>\n<p>Luego, la C\u00e1mara decidi\u00f3 aprobar dos convenios firmados entre la Secretar\u00eda de H\u00e1bitat del Ministerio de Desarrollo Territorial y H\u00e1bitat y la provincia de San Juan, para la construcci\u00f3n de viviendas en los departamentos Pocito y Rivadavia en el marco del \u201cPrograma Casa Propia-Construir Futuro\u201d. La diputada Marcela Monti fue la encargada de brindar los fundamentos de ambos asuntos.<\/p>\n<p>En la ocasi\u00f3n, la legisladora explic\u00f3 que uno de los convenios apunta a la adquisici\u00f3n e instalaci\u00f3n de 200 viviendas de construcci\u00f3n liviana de r\u00e1pida ejecuci\u00f3n en el departamento Pocito. Para ello, la Secretar\u00eda de H\u00e1bitat del Ministerio de Desarrollo Territorial y H\u00e1bitat, se compromete a aportar el financiamiento del Proyecto la cantidad de $ 80.000.000,00 (Pesos Ochenta Millones). Este acuerdo surge a partir de la situaci\u00f3n de emergencia habitacional generada tras el terremoto ocurrido el 18 de enero del corriente a\u00f1o, que afect\u00f3 a la provincia y especialmente al departamento Pocito con la destrucci\u00f3n y deterioro de viviendas en los sectores m\u00e1s vulnerables.<\/p>\n<p>De la misma manera, la diputada Monti expuso el otro convenio y se\u00f1al\u00f3 que consiste en la construcci\u00f3n de 837 viviendas en el departamento Rivadavia \u00a0y para ello la Secretar\u00eda de H\u00e1bitat se compromete a financiar este proyecto por la cantidad de pesos dos mil seiscientos veintid\u00f3s millones ochocientos veintisiete mil trescientos sesenta y uno con 72\/100 ($ 2.622.827.361,72).<\/p>\n<p><span style=\"color: #993366;\"><strong>Convenio con la Asociaci\u00f3n de Criadores de Psit\u00e1cidos y Ornamentales<\/strong><\/span><\/p>\n<p>Posteriormente, el cuerpo legislativo aprob\u00f3 el convenio Marco de Cooperaci\u00f3n T\u00e9cnica, suscripto entre la Secretaria de Estado de Ambiente y Desarrollo Sustentable, y la Asociaci\u00f3n de Criadores de Psit\u00e1cidos y Ornamentales.<\/p>\n<p>El diputado Sim\u00f3n Ortiz explic\u00f3 los detalles de este acuerdo y se\u00f1al\u00f3 que tiene como objeto establecer entre las partes una relaci\u00f3n de cooperaci\u00f3n para la construcci\u00f3n de objetivos en com\u00fan, en pos de elaborar criterios y herramientas que permitan contribuir con la toma de decisiones para la conservaci\u00f3n y manejo de aves aut\u00f3ctonas, manejo de especies ex\u00f3ticas, mediante la realizaci\u00f3n de tareas de investigaci\u00f3n, asistencia t\u00e9cnica y actividades conjuntas y la disposici\u00f3n de los recursos humanos, materiales, tecnol\u00f3gicos y financieros de ambas partes.<\/p>\n<p>Asimismo, sostuvo que para el cumplimiento del convenio, las partes suscribir\u00e1n en cada oportunidad, Actas Complementarias que describir\u00e1n las tareas a desarrollar, duraci\u00f3n, aportes financieros a realizar por cada una de las partes y modalidades para la eventual participaci\u00f3n de terceros, si correspondiere; as\u00ed como la modalidad de rendici\u00f3n de cuentas.<\/p>\n<p><span style=\"color: #993366;\"><strong>Convenio con la Agencia Territorial San Juan<\/strong><\/span><\/p>\n<p>Despu\u00e9s, la C\u00e1mara ratific\u00f3 el Acta celebrada entre la Agencia Territorial San Juan del Ministerio de Trabajo, Empleo y Seguridad Social de la Naci\u00f3n, y el Ministerio de Gobierno de la Provincia de San Juan.<\/p>\n<p>En esta oportunidad, la diputada Celina Ramella fue la encargada de brindar los argumentos de este acuerdo que tiene por objeto convenir la tenencia del bien inmueble ubicado en calle Santa Fe N\u00b0 77-79 Oeste, de propiedad del Estado Nacional, Ministerio de Trabajo, Empleo y Seguridad Social, en poder de la Provincia de San Juan, la que dispondr\u00e1 del libre uso y goce por parte de cualesquiera dependencias que conformen los cuadros de la Administraci\u00f3n P\u00fablica Provincial, revistan \u00e9stos el car\u00e1cter de centralizados, descentralizados y\/o aut\u00e1rquicos. La tenencia del inmueble la mantendr\u00e1 la Provincia de San Juan hasta que se defina la situaci\u00f3n dominial del mismo.<\/p>\n<p>El presente requerimiento encuentra fundamento en el hecho de que la Provincia de San Juan, viene detentado el uso y goce de dicho edificio desde el a\u00f1o 1963, de manera pac\u00edfica e ininterrumpida, sirviendo el mismo para la satisfacci\u00f3n de las demandas provinciales en materia laboral. En efecto, desde dicha data la Provincia ha ejecutado un sinn\u00famero de actos conservatorios sobre dicho bien, velando en todo momento por preservarlo y mantenerlo en excelentes condiciones de habitabilidad.<\/p>\n<p><span style=\"color: #993366;\"><strong>Red Tulum: Estaci\u00f3n Central de Transbordo en calle Mitre<\/strong><\/span><\/p>\n<p>Asimismo, los legisladores y las legisladoras otorgaron conformidad a un convenio entre la provincia y el Ministerio de Transporte de la Naci\u00f3n, referido a la realizaci\u00f3n de las mejoras de infraestructura en el marco del Sistema de Transporte P\u00fablico de Pasajeros denominado \u201cRedTulum\u201d.\u00a0 Durante su exposici\u00f3n como miembro informante, el diputado Jorge Barifusa explic\u00f3 que el acuerdo busca la ejecuci\u00f3n del proyecto de obra \u201cEstaci\u00f3n de Transbordo de la calle Mitre\u201d que recibir\u00e1 aproximadamente 130 millones por parte de Naci\u00f3n para su financiaci\u00f3n.<\/p>\n<p><span style=\"color: #993366;\"><strong>Modificaci\u00f3n de la Ley de creaci\u00f3n del Observatorio Ambiental<\/strong><\/span><\/p>\n<p>Por otro lado, el cuerpo parlamentario aprob\u00f3 un proyecto de Ley remitido por el Poder Ejecutivo, mediante mensaje n\u00ba 35, que propone modificar el art\u00edculo 2\u00ba de la Ley 1800-L de creaci\u00f3n del Observatorio Ambiental. La legisladora Fernanda Paredes tuvo a su cargo la fundamentaci\u00f3n de este asunto como miembro informante y explic\u00f3 que la normativa establece los organismos del Estado que conforman el Centro de Monitoreo, y que de forma involuntaria al momento de aprobarse la Ley se omiti\u00f3 en esa integraci\u00f3n a la Secretar\u00eda de Ciencia, Tecnolog\u00eda e Innovaci\u00f3n de la Provincia de San Juan, quien tiene una participaci\u00f3n activa en el Centro.<\/p>\n<p>Por el motivo expuesto result\u00f3 necesario sustituir el Art\u00edculo 2\u00b0 por la siguiente redacci\u00f3n:<\/p>\n<p>ART\u00cdCULO 2.- \u00abEl Centro de Monitoreo Ambiental: a coordinado por un Consejo Directivo de Articulaci\u00f3n de organismos del Estado, conformado por la Secretar\u00eda de Estado de Ambiente y Desarrollo Sustentable, el Ministerio de Infraestructura y Servicios P\u00fablicos, el Ministerio de Producci\u00f3n y Desarrollo Econ\u00f3mico, el Ministerio de Miner\u00eda y la Secretaria de Ciencia Tecnolog\u00eda e Innovaci\u00f3n o los organismos que en el futuro los reemplacen, sin afectar las competencias de cada organismo instituidas por la normativa vigente.\u00bb<\/p>\n<p><span style=\"color: #993366;\"><strong>Instituir el D\u00eda Provincial de la Prevenci\u00f3n S\u00edsmica<\/strong><\/span><\/p>\n<p>Luego, los legisladores y legisladoras abordaron y aprobaron un proyecto de Ley de autor\u00eda del diputado Gast\u00f3n Berenguer por el cual estableci\u00f3 el d\u00eda 15 de enero de cada a\u00f1o como el \u00abD\u00eda Provincial de la Prevenci\u00f3n S\u00edsmica en la Provincia de San Juan\u00bb.\u00a0 Asimismo, la norma dispuso convocar a las instituciones gubernamentales y no gubernamentales a desarrollar para esa fecha actividades de concientizaci\u00f3n s\u00edsmica en pos de prevenir la p\u00e9rdida de vidas ante un terremoto.<\/p>\n<p>Durante su exposici\u00f3n, el diputado Gast\u00f3n Berenguer record\u00f3 lo acontecido el 15 de enero de 1944, cuando se produjo un terremoto que tuvo su epicentro a 20 km al norte de la Ciudad de San Juan en las proximidades de La Laja (departamento Albard\u00e1n), y destruy\u00f3 aproximadamente el 80 % de la provincia. Luego, destac\u00f3 la importancia de la prevenci\u00f3n s\u00edsmica mediante herramientas esenciales para que las personas puedan enfrentar una situaci\u00f3n de emergencia.<\/p>\n<p><span style=\"color: #993366;\"><strong>Adhesi\u00f3n al DECNU sobre medidas sanitarias en lugares de alto riesgo<\/strong><\/span><\/p>\n<p>Tambi\u00e9n, los diputados y diputadas trataron y aprobaron la comunicaci\u00f3n oficial remitida por el Poder Ejecutivo, mediante mensaje N\u00ba 56, por el que da noticia de la sanci\u00f3n de la Ley de Necesidad y Urgencia N\u00ba 2238-P, por la que adhiere al DECNU 2021-334-APN-PTE, sobre medidas aplicables a lugares en alto riesgo epidemiol\u00f3gico y sanitario o en situaci\u00f3n de alarma epidemiol\u00f3gica y sanitaria entre el 22 de mayo y el 30 de mayo de 2021 y los d\u00edas 5 y 6 de junio de 2021. Este asunto fue fundamentado por el diputado Gustavo Rodr\u00edguez.<\/p>\n<p><span style=\"color: #993366;\"><strong>Suspensi\u00f3n de plazos de los procedimientos administrativos<\/strong><\/span><\/p>\n<p>Luego, otorgaron acuerdo a la comunicaci\u00f3n oficial remitida por el Poder Ejecutivo, mediante mensaje N\u00ba 57, por la que da noticia de la Ley de Necesidad y Urgencia N\u00b0 2239-A, por la que se suspende el curso de los plazos de los procedimientos administrativos regulados por la Ley N\u00b0 135-A, desde las cero (0) hora del 26 de mayo del 2.021 hasta las 24 horas del 30 de mayo de 2021. En esta oportunidad, la diputada Florencia Pe\u00f1aloza fue la encargada de explicar los argumentos del asunto como miembro informante.<\/p>\n<p><span style=\"color: #993366;\"><strong>Eximir de impuestos a las disposiciones de la Ley Nacional N\u00ba 27.613<\/strong><\/span><\/p>\n<p>Tras la explicaci\u00f3n brindada por el diputado Rodolfo Jalife como miembro informante, la C\u00e1mara aprob\u00f3 el proyecto de Ley remitido por el Poder Ejecutivo, mediante mensaje N\u00ba 58, por el que exime de impuestos de sellos y sus adicionales de lote hogar y acci\u00f3n social a los actos y operaciones que se emitan en virtud de las disposiciones previstas en la Ley Nacional N\u00ba 27.613, sobre incentivo a la construcci\u00f3n federal argentina y acceso a la vivienda.<\/p>\n<p><span style=\"color: #993366;\"><strong>Resoluciones<\/strong><\/span><\/p>\n<p>Tambi\u00e9n, el cuerpo legislativo decidi\u00f3 declarar de inter\u00e9s:<\/p>\n<ul>\n<li>Provincial, Social, Educativo y Cultural el Plan Fines Adaptado, para personas con discapacidad que se dicta en el departamento de Rawson en el marco del convenio celebrado entre Municipio de Rawson y la Biblioteca Popular Sur y el Ministerio de Educaci\u00f3n de la provincia. (diputados Juan Carlos Gioja y Leonardo Gioja y\u00a0 diputada Graciela Seva)<\/li>\n<li>Social y Cultural el ciclo de conferencias \u201cAm\u00e9rica sin fronteras\u201d por el 50\u00ba aniversario del Parque Natural Valle F\u00e9rtil, que se llevar\u00e1n a cabo del d\u00eda 7 al 11 de junio del 2021 en el Museo Provincial de Bellas Artes Franklin Rawson.\u00a0 (diputado Silvio Atencio)<\/li>\n<\/ul>\n<\/div>\n<p>&nbsp;<\/p>\n<p>&nbsp;<\/p>\n","protected":false},"excerpt":{"rendered":"<p>Consisten en cinco l\u00edneas de cr\u00e9ditos tendientes a morigerar el fuerte impacto en la producci\u00f3n y en el comercio generado<\/p>\n","protected":false},"author":3,"featured_media":38411,"comment_status":"closed","ping_status":"closed","sticky":false,"template":"","format":"standard","meta":{"_acf_changed":false,"_seopress_robots_primary_cat":"none","_seopress_titles_title":"","_seopress_titles_desc":"","_seopress_robots_index":"","colormag_page_container_layout":"default_layout","colormag_page_sidebar_layout":"default_layout","footnotes":""},"categories":[1],"tags":[],"class_list":["post-38409","post","type-post","status-publish","format-standard","has-post-thumbnail","hentry","category-destacadas"],"acf":[],"_links":{"self":[{"href":"https:\/\/vocesparalelas.com.ar\/sitio\/wp-json\/wp\/v2\/posts\/38409","targetHints":{"allow":["GET"]}}],"collection":[{"href":"https:\/\/vocesparalelas.com.ar\/sitio\/wp-json\/wp\/v2\/posts"}],"about":[{"href":"https:\/\/vocesparalelas.com.ar\/sitio\/wp-json\/wp\/v2\/types\/post"}],"author":[{"embeddable":true,"href":"https:\/\/vocesparalelas.com.ar\/sitio\/wp-json\/wp\/v2\/users\/3"}],"replies":[{"embeddable":true,"href":"https:\/\/vocesparalelas.com.ar\/sitio\/wp-json\/wp\/v2\/comments?post=38409"}],"version-history":[{"count":1,"href":"https:\/\/vocesparalelas.com.ar\/sitio\/wp-json\/wp\/v2\/posts\/38409\/revisions"}],"predecessor-version":[{"id":38412,"href":"https:\/\/vocesparalelas.com.ar\/sitio\/wp-json\/wp\/v2\/posts\/38409\/revisions\/38412"}],"wp:featuredmedia":[{"embeddable":true,"href":"https:\/\/vocesparalelas.com.ar\/sitio\/wp-json\/wp\/v2\/media\/38411"}],"wp:attachment":[{"href":"https:\/\/vocesparalelas.com.ar\/sitio\/wp-json\/wp\/v2\/media?parent=38409"}],"wp:term":[{"taxonomy":"category","embeddable":true,"href":"https:\/\/vocesparalelas.com.ar\/sitio\/wp-json\/wp\/v2\/categories?post=38409"},{"taxonomy":"post_tag","embeddable":true,"href":"https:\/\/vocesparalelas.com.ar\/sitio\/wp-json\/wp\/v2\/tags?post=38409"}],"curies":[{"name":"wp","href":"https:\/\/api.w.org\/{rel}","templated":true}]}}