{"id":38395,"date":"2021-06-03T23:44:22","date_gmt":"2021-06-04T02:44:22","guid":{"rendered":"http:\/\/vocesparalelas.com.ar\/sitio\/?p=38395"},"modified":"2021-06-03T23:44:22","modified_gmt":"2021-06-04T02:44:22","slug":"se-firmaron-convenio-para-el-desarrollo-de-ecosistemas-innovadores-entre-misiones-y-san-juan","status":"publish","type":"post","link":"https:\/\/vocesparalelas.com.ar\/sitio\/se-firmaron-convenio-para-el-desarrollo-de-ecosistemas-innovadores-entre-misiones-y-san-juan\/","title":{"rendered":"Se firmaron convenio para el desarrollo de ecosistemas innovadores entre Misiones y San Juan"},"content":{"rendered":"<p>El gobernador de San Juan, Dr. Sergio U\u00f1ac, arrib\u00f3 el Jueves, 3 de Junio, a la provincia de Misiones donde fue recibido por su par, Dr. Oscar Herrera Ahuad, con quien firm\u00f3 un\u00a0convenio de colaboraci\u00f3n para el desarrollo de ecosistemas innovadores.<\/p>\n<p>Acompa\u00f1aron; la ministro de Turismo y Cultura, Lic. Claudia Grynszpan; la subsecretaria de Promoci\u00f3n de la Actividad Cient\u00edfica y Tecnol\u00f3gica, Ing. Mar\u00eda Ver\u00f3nica Benavente; y el subsecretario de la Unidad Gobernaci\u00f3n, Luis Rueda, adem\u00e1s del intendente de Posadas, Leonardo Stellato.<\/p>\n<p><img loading=\"lazy\" decoding=\"async\" class=\"alignnone wp-image-38399 size-full\" src=\"https:\/\/vocesparalelas.com.ar\/sitio\/wp-content\/uploads\/2021\/06\/MISIONES-SAN-JUAN-02.jpg\" alt=\"\" width=\"800\" height=\"534\" srcset=\"https:\/\/vocesparalelas.com.ar\/sitio\/wp-content\/uploads\/2021\/06\/MISIONES-SAN-JUAN-02.jpg 800w, https:\/\/vocesparalelas.com.ar\/sitio\/wp-content\/uploads\/2021\/06\/MISIONES-SAN-JUAN-02-300x200.jpg 300w, https:\/\/vocesparalelas.com.ar\/sitio\/wp-content\/uploads\/2021\/06\/MISIONES-SAN-JUAN-02-768x513.jpg 768w\" sizes=\"auto, (max-width: 800px) 100vw, 800px\" \/><\/p>\n<p><img loading=\"lazy\" decoding=\"async\" class=\"alignnone wp-image-38398 size-full\" src=\"https:\/\/vocesparalelas.com.ar\/sitio\/wp-content\/uploads\/2021\/06\/MISIONES-SAN-JUAN-01.jpg\" alt=\"\" width=\"800\" height=\"534\" srcset=\"https:\/\/vocesparalelas.com.ar\/sitio\/wp-content\/uploads\/2021\/06\/MISIONES-SAN-JUAN-01.jpg 800w, https:\/\/vocesparalelas.com.ar\/sitio\/wp-content\/uploads\/2021\/06\/MISIONES-SAN-JUAN-01-300x200.jpg 300w, https:\/\/vocesparalelas.com.ar\/sitio\/wp-content\/uploads\/2021\/06\/MISIONES-SAN-JUAN-01-768x513.jpg 768w\" sizes=\"auto, (max-width: 800px) 100vw, 800px\" \/><\/p>\n<p>En primer t\u00e9rmino, el gobernador U\u00f1ac mostr\u00f3 su agradecimiento con los misioneros por las donaciones de viviendas prefabricadas concretadas por el gobierno de Herrera Aguad luego del terremoto del pasado 18 de enero. \u00abTen\u00eda la necesidad como sanjuanino de venir a agradecerle al gobernador la gentiliza y amabilidad que tuvo en un momento delicado de la historia reciente de los sanjuaninos. Querido gobernador, gracias por habernos ayudado. Hay familias sanjuaninas que est\u00e1n habitando una casa gracias a la colaboraci\u00f3n del pueblo y del Gobierno de Misiones\u00bb.<\/p>\n<p>\u00abParte de esa necesaria ayuda material ha permitido que muchas familias de San Juan puedan tener una casa que puedan habitar y que puedan seguir proyectando sus vidas m\u00e1s all\u00e1 de todo el esfuerzo que obviamente hemos hecho los sanjuaninos y que seguimos haciendo tratando de erradicar casas humildes y convertirlas en casa que sean dignas de poderse habitar como primer medida gracias por ese gesto\u00bb.<\/p>\n<p>Refiri\u00e9ndose a la firma de convenios, el mandatario sanjuanino se\u00f1al\u00f3 que estas iniciativas \u00abpermiten construir un pa\u00eds que vuelva a mirar hacia el interior.Venimos a fortalecer esta mirada federal. Vamos a intercambiar experiencias en cuanto a la rob\u00f3tica, en San Juan la desarrollamos vincul\u00e1ndola a la salud y a la miner\u00eda\u00bb. En ese sentido, destac\u00f3 que Misiones \u00abhaya dado un paso importante en introducir a los chicos a la temprana edad para que esto sea parte de su vida habitual\u00bb.<\/p>\n<p>Sobre el final el gobernador de San Juan, se refiri\u00f3 a la apuesta por el desarrollo de energ\u00edas limpias, especialmente fotovoltaicas, que lleva adelante la Provincia en el marco de la diversificaci\u00f3n de su matriz econ\u00f3mica y detall\u00f3 que \u00abSan Juan tiene 300 megas de generaci\u00f3n, que equivale al 30% casi un 35% de la energ\u00eda consumida tanto por el sector industrial como el sector domiciliario, y ahora la Provincia ha dado un paso m\u00e1s y estamos construyendo una f\u00e1brica de paneles solares\u00bb. En ese mismo orden, destac\u00f3 puesta en marcha de la f\u00e1brica de paneles solares, poniendo a disposici\u00f3n los mismos para que Misiones sume herramientas para la construcci\u00f3n de parques fotovoltaicos.<\/p>\n<p>Por su lado, el Gobernador de Misiones, Dr. Herrera Ahuad, puso en valor \u00abla posibilidad de generar pol\u00edticas p\u00fablicas entre dos provincias. Esto marca un claro camino federal de lo que buscamos los gobernadores, sobre todo en esto de mostrar y compartir lo que estamos haciendo cada uno en materia de innovaci\u00f3n, ciencia y pol\u00edticas p\u00fablicas\u00bb.<\/p>\n<p>Con respecto a la donaci\u00f3n de viviendas por parte de la Provincia de Misiones, Herrera Ahuad destac\u00f3 que \u201cesta es una provincia muy solidaria que ayuda y acompa\u00f1a a todas las provincias en los momentos dif\u00edciles, de la misma manera que nosotros tambi\u00e9n recibimos esa ayuda. Esto fortalece v\u00ednculos, justamente en este momento en el que el pa\u00eds se debate entre distintos problemas, lo que nosotros buscamos es hacer sinergias entre las provincias para unir lo que tenemos como fortaleza que es el amor por nuestro pueblo, lo que aqu\u00ed llamamos el misionerismo\u00bb.<\/p>\n<p>En cuanto a la firma del convenio, el mandatario misionero afirm\u00f3 que \u00abme pone muy feliz el poder trabajar y aprender de San Juan todo lo relacionado al \u00e1rea de tecnolog\u00edas fotovoltaicas, ya que nosotros tambi\u00e9n buscamos energ\u00edas limpias para cuidar la naturaleza, m\u00e1s en Misiones, donde creamos un Ministerio del Cambio Clim\u00e1tico, por eso es tan importante generar estas energ\u00edas\u201d, concluy\u00f3.<\/p>\n<p>En ese sentido, explic\u00f3 que al conocer los importantes desarrollos en innovaci\u00f3n, ciencia y tecnolog\u00eda encarados por el gobernador de San Juan su gesti\u00f3n decidi\u00f3 acompa\u00f1arlo y hablar con \u00e9l para cotejar el propio desarrollo de la provincia mesopot\u00e1mica.<\/p>\n<figure id=\"attachment_38400\" aria-describedby=\"caption-attachment-38400\" style=\"width: 800px\" class=\"wp-caption alignnone\"><img loading=\"lazy\" decoding=\"async\" class=\"wp-image-38400 size-full\" src=\"https:\/\/vocesparalelas.com.ar\/sitio\/wp-content\/uploads\/2021\/06\/MISIONES-SAN-JUAN-03.jpg\" alt=\"\" width=\"800\" height=\"534\" srcset=\"https:\/\/vocesparalelas.com.ar\/sitio\/wp-content\/uploads\/2021\/06\/MISIONES-SAN-JUAN-03.jpg 800w, https:\/\/vocesparalelas.com.ar\/sitio\/wp-content\/uploads\/2021\/06\/MISIONES-SAN-JUAN-03-300x200.jpg 300w, https:\/\/vocesparalelas.com.ar\/sitio\/wp-content\/uploads\/2021\/06\/MISIONES-SAN-JUAN-03-768x513.jpg 768w\" sizes=\"auto, (max-width: 800px) 100vw, 800px\" \/><figcaption id=\"caption-attachment-38400\" class=\"wp-caption-text\">El Gobernador de San Juan, Dr. Sergio U\u00f1ac junto al Gobernador de Misiones, Dr. Herrera Ahuad<\/figcaption><\/figure>\n<p>&nbsp;<\/p>\n<p><span style=\"color: #99cc00;\"><strong>Sobre los convenios firmados<\/strong><\/span><\/p>\n<p>En Casa de Gobierno de Misiones se firm\u00f3 este convenio marco de cooperaci\u00f3n para el Desarrollo de Ecosistemas Innovadores entre la provincia de Misiones y la de San Juan, cuyo objetivo es generar pol\u00edticas de acompa\u00f1amiento de desarrollo para la investigaci\u00f3n cient\u00edfica aplicada, el desarrollo tecnol\u00f3gico de productos, servicios y procesos innovadores, el incremento de capital humano a trav\u00e9s de programas de formaci\u00f3n profesional y laboral, la ejecuci\u00f3n de programas para el desarrollo y la aplicaci\u00f3n de nuevas tecnolog\u00edas de la informaci\u00f3n, innovaci\u00f3n en los sistemas educativos; fortalecimiento del emprendedurismo y desarrollo social y productivo con equidad en cada provincia.<\/p>\n<p>La duraci\u00f3n del convenio rubricado por ambos gobernadores ser\u00e1 de 4 a\u00f1os desde su ratificaci\u00f3n y se renovar\u00e1 autom\u00e1ticamente por per\u00edodo de cuatros a\u00f1os.<\/p>\n<p>&nbsp;<\/p>\n<p><img loading=\"lazy\" decoding=\"async\" class=\"alignnone wp-image-38401 size-full\" src=\"https:\/\/vocesparalelas.com.ar\/sitio\/wp-content\/uploads\/2021\/06\/MISIONES-SAN-JUAN-04.jpg\" alt=\"\" width=\"800\" height=\"533\" srcset=\"https:\/\/vocesparalelas.com.ar\/sitio\/wp-content\/uploads\/2021\/06\/MISIONES-SAN-JUAN-04.jpg 800w, https:\/\/vocesparalelas.com.ar\/sitio\/wp-content\/uploads\/2021\/06\/MISIONES-SAN-JUAN-04-300x200.jpg 300w, https:\/\/vocesparalelas.com.ar\/sitio\/wp-content\/uploads\/2021\/06\/MISIONES-SAN-JUAN-04-768x512.jpg 768w\" sizes=\"auto, (max-width: 800px) 100vw, 800px\" \/><\/p>\n<p>&nbsp;<\/p>\n","protected":false},"excerpt":{"rendered":"<p>El gobernador de San Juan, Dr. Sergio U\u00f1ac, arrib\u00f3 el Jueves, 3 de Junio, a la provincia de Misiones donde<\/p>\n","protected":false},"author":3,"featured_media":38397,"comment_status":"closed","ping_status":"closed","sticky":false,"template":"","format":"standard","meta":{"_acf_changed":false,"_seopress_robots_primary_cat":"none","_seopress_titles_title":"","_seopress_titles_desc":"","_seopress_robots_index":"","colormag_page_container_layout":"default_layout","colormag_page_sidebar_layout":"default_layout","footnotes":""},"categories":[1],"tags":[],"class_list":["post-38395","post","type-post","status-publish","format-standard","has-post-thumbnail","hentry","category-destacadas"],"acf":[],"_links":{"self":[{"href":"https:\/\/vocesparalelas.com.ar\/sitio\/wp-json\/wp\/v2\/posts\/38395","targetHints":{"allow":["GET"]}}],"collection":[{"href":"https:\/\/vocesparalelas.com.ar\/sitio\/wp-json\/wp\/v2\/posts"}],"about":[{"href":"https:\/\/vocesparalelas.com.ar\/sitio\/wp-json\/wp\/v2\/types\/post"}],"author":[{"embeddable":true,"href":"https:\/\/vocesparalelas.com.ar\/sitio\/wp-json\/wp\/v2\/users\/3"}],"replies":[{"embeddable":true,"href":"https:\/\/vocesparalelas.com.ar\/sitio\/wp-json\/wp\/v2\/comments?post=38395"}],"version-history":[{"count":1,"href":"https:\/\/vocesparalelas.com.ar\/sitio\/wp-json\/wp\/v2\/posts\/38395\/revisions"}],"predecessor-version":[{"id":38402,"href":"https:\/\/vocesparalelas.com.ar\/sitio\/wp-json\/wp\/v2\/posts\/38395\/revisions\/38402"}],"wp:featuredmedia":[{"embeddable":true,"href":"https:\/\/vocesparalelas.com.ar\/sitio\/wp-json\/wp\/v2\/media\/38397"}],"wp:attachment":[{"href":"https:\/\/vocesparalelas.com.ar\/sitio\/wp-json\/wp\/v2\/media?parent=38395"}],"wp:term":[{"taxonomy":"category","embeddable":true,"href":"https:\/\/vocesparalelas.com.ar\/sitio\/wp-json\/wp\/v2\/categories?post=38395"},{"taxonomy":"post_tag","embeddable":true,"href":"https:\/\/vocesparalelas.com.ar\/sitio\/wp-json\/wp\/v2\/tags?post=38395"}],"curies":[{"name":"wp","href":"https:\/\/api.w.org\/{rel}","templated":true}]}}