{"id":38390,"date":"2021-06-03T21:29:29","date_gmt":"2021-06-04T00:29:29","guid":{"rendered":"http:\/\/vocesparalelas.com.ar\/sitio\/?p=38390"},"modified":"2021-06-03T23:00:38","modified_gmt":"2021-06-04T02:00:38","slug":"inscripciones-en-el-programa-proteger-empleo-de-san-juan","status":"publish","type":"post","link":"https:\/\/vocesparalelas.com.ar\/sitio\/inscripciones-en-el-programa-proteger-empleo-de-san-juan\/","title":{"rendered":"Inscripciones en el Programa \u201cProteger Empleo\u201d de San Juan"},"content":{"rendered":"<p>Luego del anuncio del programa \u201cProteger Empleo\u201d que realiz\u00f3 el gobernador, Dr. Sergio U\u00f1ac, el Gobierno de San Juan, a trav\u00e9s de los ministerios de Hacienda y Finanzas, de Producci\u00f3n y Desarrollo Econ\u00f3mico, de Turismo y de la Secretar\u00eda de Deportes, informa que ya est\u00e1 abierta la inscripci\u00f3n a todas las empresas -incluidas en los sectores econ\u00f3micos m\u00e1s perjudicados por la pandemia- que quieran beneficiarse con un aporte de $15.000 por trabajador durante 4 meses.<\/p>\n<p>Los trabajadores independientes (monotributistas y aut\u00f3nomos) podr\u00e1n inscribirse y obtener un beneficio de $15.000, siempre que no hayan accedido al REPRO II. Se abonar\u00e1 a mes vencido en el mes julio, agosto, septiembre y octubre de 2021.<\/p>\n<p>Para la puesta en marcha de \u201cProteger Empleo\u201d, se destinar\u00e1n $1.000 millones. Mediante este programa, se pretende alcanzar a m\u00e1s de 10.000 empleados en relaci\u00f3n de dependencia, lo que impacta en alrededor de 1.200 empresas sanjuaninas, y unos 5.000 monotributistas y aut\u00f3nomos.<\/p>\n<p>El tr\u00e1mite debe iniciarse en <a href=\"http:\/\/www.protegerempleosanjuan.com.ar\/\" target=\"_blank\" rel=\"noopener noreferrer\">www.protegerempleosanjuan.com.ar<\/a>. Se requerir\u00e1n datos del empleador y los siguientes requisitos:<\/p>\n<p><span style=\"color: #808000;\"><strong>Sociedades<\/strong><\/span><\/p>\n<ul>\n<li>Constancia Inscripci\u00f3n AFIP<\/li>\n<li>Si es Responsable Inscripto, deber\u00e1 presentar estatuto y acreditar acta de directorio que lo habilite como apoderado.<\/li>\n<li>F.931 de febrero, marzo, abril y mayo<\/li>\n<\/ul>\n<p><span style=\"color: #808000;\"><strong>Monotributistas<\/strong><\/span><\/p>\n<ul>\n<li>Constancia Inscripci\u00f3n AFIP<\/li>\n<li>F.931 de febrero, marzo, abril y mayo<\/li>\n<\/ul>\n<p>En ambos casos deber\u00e1 presentar una declaraci\u00f3n jurada firmada por los empleados en la que conste que el subsidio que est\u00e1n recibiendo es parte del sueldo percibido.<\/p>\n<p><span style=\"color: #808000;\"><strong>Datos del empleado<\/strong><\/span><\/p>\n<ul>\n<li>Acta temprana de cada empleado con fecha actualizada al mes de presentaci\u00f3n<\/li>\n<li>Documento y CBU de cada empleado (emitido por home banking)<\/li>\n<\/ul>\n<p>En los siguientes meses solo deber\u00e1n presentar el alta temprana de cada empleado y el F.931 actualizado.<\/p>\n<p>Este es un programa que el Gobierno de San Juan lanz\u00f3 para proteger el empleo registrado de los negocios no esenciales de la Provincia de San Juan. A trav\u00e9s de \u201cProteger empleo San Juan\u201d se beneficiar\u00e1 a comercios minoristas, gastronom\u00eda, transporte escolar o tur\u00edstico, salones de eventos, hoteler\u00eda urbana, actividades culturales, servicios tur\u00edsticos, agencias de viajes.<\/p>\n<p>Se otorgar\u00e1 $ 15.000 por empleado registrado si cumple con jornadas m\u00ednima de 40 hs semanales. Para rubro hoteles urbanos y agencias de viajes, se otorgar\u00e1 $22.000 por empleado registrado.<\/p>\n<p>Aquellas empresas que reciban el Repro II, que otorga el gobierno Nacional, no podr\u00e1n beneficiarse con este programa.<\/p>\n<p><span style=\"color: #808000;\"><strong>M\u00e1s informes<\/strong><\/span><\/p>\n<ul>\n<li><a href=\"http:\/\/www.protegerempleosanjuan.com.ar\/\" target=\"_blank\" rel=\"noopener noreferrer\">www.protegerempleosanjuan.com.ar<\/a><\/li>\n<li>Agencia Calidad San Juan: 25 de Mayo 577 este, Capital. Tel\u00e9fono 4274391<\/li>\n<li>Centro de Financiamiento Productivo (CEFIP) C\u00f3rdoba 390 este, esquina Jujuy, Capital. Tel\u00e9fono 4211591.<\/li>\n<\/ul>\n","protected":false},"excerpt":{"rendered":"<p>Luego del anuncio del programa \u201cProteger Empleo\u201d que realiz\u00f3 el gobernador, Dr. Sergio U\u00f1ac, el Gobierno de San Juan, a<\/p>\n","protected":false},"author":3,"featured_media":38272,"comment_status":"closed","ping_status":"closed","sticky":false,"template":"","format":"standard","meta":{"_acf_changed":false,"_seopress_robots_primary_cat":"none","_seopress_titles_title":"","_seopress_titles_desc":"","_seopress_robots_index":"","colormag_page_container_layout":"default_layout","colormag_page_sidebar_layout":"default_layout","footnotes":""},"categories":[1],"tags":[],"class_list":["post-38390","post","type-post","status-publish","format-standard","has-post-thumbnail","hentry","category-destacadas"],"acf":[],"_links":{"self":[{"href":"https:\/\/vocesparalelas.com.ar\/sitio\/wp-json\/wp\/v2\/posts\/38390","targetHints":{"allow":["GET"]}}],"collection":[{"href":"https:\/\/vocesparalelas.com.ar\/sitio\/wp-json\/wp\/v2\/posts"}],"about":[{"href":"https:\/\/vocesparalelas.com.ar\/sitio\/wp-json\/wp\/v2\/types\/post"}],"author":[{"embeddable":true,"href":"https:\/\/vocesparalelas.com.ar\/sitio\/wp-json\/wp\/v2\/users\/3"}],"replies":[{"embeddable":true,"href":"https:\/\/vocesparalelas.com.ar\/sitio\/wp-json\/wp\/v2\/comments?post=38390"}],"version-history":[{"count":3,"href":"https:\/\/vocesparalelas.com.ar\/sitio\/wp-json\/wp\/v2\/posts\/38390\/revisions"}],"predecessor-version":[{"id":38394,"href":"https:\/\/vocesparalelas.com.ar\/sitio\/wp-json\/wp\/v2\/posts\/38390\/revisions\/38394"}],"wp:featuredmedia":[{"embeddable":true,"href":"https:\/\/vocesparalelas.com.ar\/sitio\/wp-json\/wp\/v2\/media\/38272"}],"wp:attachment":[{"href":"https:\/\/vocesparalelas.com.ar\/sitio\/wp-json\/wp\/v2\/media?parent=38390"}],"wp:term":[{"taxonomy":"category","embeddable":true,"href":"https:\/\/vocesparalelas.com.ar\/sitio\/wp-json\/wp\/v2\/categories?post=38390"},{"taxonomy":"post_tag","embeddable":true,"href":"https:\/\/vocesparalelas.com.ar\/sitio\/wp-json\/wp\/v2\/tags?post=38390"}],"curies":[{"name":"wp","href":"https:\/\/api.w.org\/{rel}","templated":true}]}}