{"id":38380,"date":"2021-06-03T12:41:55","date_gmt":"2021-06-03T15:41:55","guid":{"rendered":"http:\/\/vocesparalelas.com.ar\/sitio\/?p=38380"},"modified":"2021-06-03T12:41:55","modified_gmt":"2021-06-03T15:41:55","slug":"38-400-vacunas-astrazeneca-llegaron-a-san-juan","status":"publish","type":"post","link":"https:\/\/vocesparalelas.com.ar\/sitio\/38-400-vacunas-astrazeneca-llegaron-a-san-juan\/","title":{"rendered":"38.400 vacunas AstraZeneca llegaron a San Juan"},"content":{"rendered":"<p>El Ministerio de Salud P\u00fablica del Gobierno de San Juan a trav\u00e9s del Programa Provincial de Inmunizaciones inform\u00f3 que la llegada de m\u00e1s vacunas permitir\u00e1 continuar con el cronograma establecido y a su vez ir incorporando m\u00e1s grupos a la vacunaci\u00f3n.<\/p>\n<p>El Ministerio de Salud de la Naci\u00f3n comenz\u00f3 la distribuci\u00f3n en todo el pa\u00eds de la partida de 2.119.000 vacunas Astrazeneca a todas las jurisdicciones con el objetivo de continuar con la inmunizaci\u00f3n de la poblaci\u00f3n y as\u00ed combatir la pandemia del coronavirus.<\/p>\n<p>Se trata del embarque que lleg\u00f3 recientemente al Aeropuerto de Ezeiza con las vacunas cuyo principio activo se produjo en la Argentina y que se suman a las 2.785.200 dosis que arribaron la semana pasada, entre las Sputnik V y las desarrolladas en conjunto por la Universidad de Oxford y AstraZeneca que fueron adquiridas tanto por el mecanismo Covax de la OMS como en un acuerdo con la empresa farmac\u00e9utica brit\u00e1nica.<\/p>\n<p>A San Juan le correspondieron 38.400 dosis en la distribuci\u00f3n, de acuerdo al criterio dispuesto en base a la cantidad de poblaci\u00f3n de cada distrito.<\/p>\n<p>Estas nuevas dosis se suman al total de 259.893 que ya hab\u00edan llegado a la provincia, de las cuales se han aplicado a la actualidad 215.893, datos registrados en el parte semanal de vacunaci\u00f3n correspondiente al 1 de Junio.<\/p>\n<p>De ese total de dosis aplicadas, 170.502 corresponden a la primera dosis y 45.391 a la segunda.<\/p>\n<p>La estrategia de vacunaci\u00f3n busca cubrir a toda la poblaci\u00f3n objetivo de manera gratuita, equitativa e igualitaria. El orden de prioridad en la poblaci\u00f3n objetivo a vacunar se estableci\u00f3 considerando la protecci\u00f3n de los grupos con mayor riesgo, junto a grupos de poblaci\u00f3n estrat\u00e9gicos necesarios para asegurar el desarrollo de actividades prioritarias teniendo en cuenta la disponibilidad progresiva de dosis de vacunas.<\/p>\n<p>&nbsp;<\/p>\n<p>&nbsp;<\/p>\n<p>&nbsp;<\/p>\n","protected":false},"excerpt":{"rendered":"<p>El Ministerio de Salud P\u00fablica del Gobierno de San Juan a trav\u00e9s del Programa Provincial de Inmunizaciones inform\u00f3 que la<\/p>\n","protected":false},"author":3,"featured_media":38382,"comment_status":"closed","ping_status":"closed","sticky":false,"template":"","format":"standard","meta":{"_acf_changed":false,"_seopress_robots_primary_cat":"none","_seopress_titles_title":"","_seopress_titles_desc":"","_seopress_robots_index":"","colormag_page_container_layout":"default_layout","colormag_page_sidebar_layout":"default_layout","footnotes":""},"categories":[1],"tags":[],"class_list":["post-38380","post","type-post","status-publish","format-standard","has-post-thumbnail","hentry","category-destacadas"],"acf":[],"_links":{"self":[{"href":"https:\/\/vocesparalelas.com.ar\/sitio\/wp-json\/wp\/v2\/posts\/38380","targetHints":{"allow":["GET"]}}],"collection":[{"href":"https:\/\/vocesparalelas.com.ar\/sitio\/wp-json\/wp\/v2\/posts"}],"about":[{"href":"https:\/\/vocesparalelas.com.ar\/sitio\/wp-json\/wp\/v2\/types\/post"}],"author":[{"embeddable":true,"href":"https:\/\/vocesparalelas.com.ar\/sitio\/wp-json\/wp\/v2\/users\/3"}],"replies":[{"embeddable":true,"href":"https:\/\/vocesparalelas.com.ar\/sitio\/wp-json\/wp\/v2\/comments?post=38380"}],"version-history":[{"count":1,"href":"https:\/\/vocesparalelas.com.ar\/sitio\/wp-json\/wp\/v2\/posts\/38380\/revisions"}],"predecessor-version":[{"id":38383,"href":"https:\/\/vocesparalelas.com.ar\/sitio\/wp-json\/wp\/v2\/posts\/38380\/revisions\/38383"}],"wp:featuredmedia":[{"embeddable":true,"href":"https:\/\/vocesparalelas.com.ar\/sitio\/wp-json\/wp\/v2\/media\/38382"}],"wp:attachment":[{"href":"https:\/\/vocesparalelas.com.ar\/sitio\/wp-json\/wp\/v2\/media?parent=38380"}],"wp:term":[{"taxonomy":"category","embeddable":true,"href":"https:\/\/vocesparalelas.com.ar\/sitio\/wp-json\/wp\/v2\/categories?post=38380"},{"taxonomy":"post_tag","embeddable":true,"href":"https:\/\/vocesparalelas.com.ar\/sitio\/wp-json\/wp\/v2\/tags?post=38380"}],"curies":[{"name":"wp","href":"https:\/\/api.w.org\/{rel}","templated":true}]}}