{"id":38375,"date":"2021-06-03T01:08:53","date_gmt":"2021-06-03T04:08:53","guid":{"rendered":"http:\/\/vocesparalelas.com.ar\/sitio\/?p=38375"},"modified":"2021-06-03T01:09:07","modified_gmt":"2021-06-03T04:09:07","slug":"presentaron-el-proyecto-de-ley-de-cannabis-medicinal-en-argentina","status":"publish","type":"post","link":"https:\/\/vocesparalelas.com.ar\/sitio\/presentaron-el-proyecto-de-ley-de-cannabis-medicinal-en-argentina\/","title":{"rendered":"Presentaron el Proyecto de Ley de Cannabis Medicinal en Argentina"},"content":{"rendered":"<p>El gobernador de San Juan, Dr. Sergio U\u00f1ac, particip\u00f3 en la presentaci\u00f3n del Proyecto de Ley sobre el \u00abMarco regulatorio para el desarrollo de la industria del cannabis medicinal y el c\u00e1\u00f1amo industrial\u00bb, a cargo del ministro de Desarrollo Productivo de la Naci\u00f3n, Econ. Mat\u00edas Kulfas.<\/p>\n<p>Lo hizo de manera virtual desde la Sala Rogelio Cerdera, ubicada en Casa de Gobierno. Estuvieron junto a \u00e9l el ministro de Producci\u00f3n y Desarrollo Econ\u00f3mico, Lic. Andr\u00e9s D\u00edaz Cano y el presidente y los directores de Cannabis Medicinal \u2013 Origen San Juan, Dr. Roberto Correa, Dr. Carolina Gim\u00e9nez y Lic. Ariel Lucero, respectivamente.<\/p>\n<p>Esta reuni\u00f3n sincr\u00f3nica cont\u00f3 con la presencia de numerosas autoridades nacionales y miembros de todas las provincias que participan actualmente de la actividad productiva de cannabis medicinal.<\/p>\n<p>El mencionado proyecto de ley tiene por objeto establecer el marco regulatorio de la cadena de producci\u00f3n, industrializaci\u00f3n y comercializaci\u00f3n de la planta de cannabis, sus semillas y sus productos derivados para uso industrial y medicinal\u2014incluyendo la investigaci\u00f3n cient\u00edfica\u2014 con vistas a satisfacer el mercado local y generar exportaciones.<\/p>\n<p>Con el establecimiento de un marco legal e institucional apropiado, Argentina podr\u00e1 entrar en un sendero de convergencia en materia de desarrollo de capacidades productivas y de generaci\u00f3n de empleo, pudi\u00e9ndose poner r\u00e1pidamente a la altura de sus competidores regionales inmediatos, los cuales ya cuentan con algunos a\u00f1os en el desarrollo del sector.<\/p>\n<p>Argentina tiene claras ventajas comparativas para el desarrollo del cannabis medicinal e industrial. Producto de su condici\u00f3n agroindustrial, el pa\u00eds cuenta con importantes capacidades cient\u00edficas y tecnol\u00f3gicas en materia agr\u00edcola (incluyendo el desarrollo gen\u00e9tico de semillas, un eslab\u00f3n clave en la cadena del cannabis).<\/p>\n<p>Asimismo, cuenta con propicias condiciones clim\u00e1ticas y de suelo, y posee una extensa red de laboratorios nacionales (p\u00fablicos y privados) y transnacionales que se han mostrado interesados en investigar las propiedades y aplicaciones del cannabis.<\/p>\n<p>Entre los aspectos esenciales para contemplar del proyecto, se encuentran:<\/p>\n<ul>\n<li>La regulaci\u00f3n de toda la cadena de producci\u00f3n y\/o comercializaci\u00f3n nacional con fines de exportaci\u00f3n para la la planta de cannabis, sus semillas y\/o sus productos derivados afectados al uso medicinal.<\/li>\n<li>La creaci\u00f3n de la Agencia Regulatoria de la Industria Del C\u00e1\u00f1amo y del Cannabis Medicinal (ARICCAME), con autarqu\u00eda t\u00e9cnica-funcional-financiera y jurisdicci\u00f3n en todo el territorio de la Naci\u00f3n.<\/li>\n<li>Establecer las funciones de regulaci\u00f3n y fiscalizaci\u00f3n de normas de procedimientos administrativos, reglamentaciones, regulaciones, control y seguimiento, fiscalizaci\u00f3n, entre otros aspectos propios de la actividad productiva, industrial y comercial del cannabis.<\/li>\n<li>Evaluar los criterios para el otorgamiento de autorizaciones de cultivo y comercializaci\u00f3n, atendiendo a condiciones de mercado, antecedentes de los peticionantes, medidas de seguridad, estructura jur\u00eddica, experiencia, etc.<\/li>\n<li>Constituir un r\u00e9gimen sancionatorio que salvaguarde la actividad productiva, industrial y comercial del cannabis.<\/li>\n<\/ul>\n<p>&nbsp;<\/p>\n<p><iframe loading=\"lazy\" title=\"U\u00f1ac particip\u00f3 en la presentaci\u00f3n del proyecto de ley para regularizar el desarrollo de la industria\" width=\"800\" height=\"450\" src=\"https:\/\/www.youtube.com\/embed\/i3-P01Wf_f4?feature=oembed\" frameborder=\"0\" allow=\"accelerometer; autoplay; clipboard-write; encrypted-media; gyroscope; picture-in-picture\" allowfullscreen><\/iframe><\/p>\n<p>&nbsp;<\/p>\n<p>&nbsp;<\/p>\n","protected":false},"excerpt":{"rendered":"<p>El gobernador de San Juan, Dr. Sergio U\u00f1ac, particip\u00f3 en la presentaci\u00f3n del Proyecto de Ley sobre el \u00abMarco regulatorio<\/p>\n","protected":false},"author":3,"featured_media":38377,"comment_status":"closed","ping_status":"closed","sticky":false,"template":"","format":"video","meta":{"_acf_changed":false,"_seopress_robots_primary_cat":"none","_seopress_titles_title":"","_seopress_titles_desc":"","_seopress_robots_index":"","colormag_page_container_layout":"default_layout","colormag_page_sidebar_layout":"default_layout","footnotes":""},"categories":[1,7],"tags":[],"class_list":["post-38375","post","type-post","status-publish","format-video","has-post-thumbnail","hentry","category-destacadas","category-videos","post_format-post-format-video"],"acf":[],"_links":{"self":[{"href":"https:\/\/vocesparalelas.com.ar\/sitio\/wp-json\/wp\/v2\/posts\/38375","targetHints":{"allow":["GET"]}}],"collection":[{"href":"https:\/\/vocesparalelas.com.ar\/sitio\/wp-json\/wp\/v2\/posts"}],"about":[{"href":"https:\/\/vocesparalelas.com.ar\/sitio\/wp-json\/wp\/v2\/types\/post"}],"author":[{"embeddable":true,"href":"https:\/\/vocesparalelas.com.ar\/sitio\/wp-json\/wp\/v2\/users\/3"}],"replies":[{"embeddable":true,"href":"https:\/\/vocesparalelas.com.ar\/sitio\/wp-json\/wp\/v2\/comments?post=38375"}],"version-history":[{"count":1,"href":"https:\/\/vocesparalelas.com.ar\/sitio\/wp-json\/wp\/v2\/posts\/38375\/revisions"}],"predecessor-version":[{"id":38378,"href":"https:\/\/vocesparalelas.com.ar\/sitio\/wp-json\/wp\/v2\/posts\/38375\/revisions\/38378"}],"wp:featuredmedia":[{"embeddable":true,"href":"https:\/\/vocesparalelas.com.ar\/sitio\/wp-json\/wp\/v2\/media\/38377"}],"wp:attachment":[{"href":"https:\/\/vocesparalelas.com.ar\/sitio\/wp-json\/wp\/v2\/media?parent=38375"}],"wp:term":[{"taxonomy":"category","embeddable":true,"href":"https:\/\/vocesparalelas.com.ar\/sitio\/wp-json\/wp\/v2\/categories?post=38375"},{"taxonomy":"post_tag","embeddable":true,"href":"https:\/\/vocesparalelas.com.ar\/sitio\/wp-json\/wp\/v2\/tags?post=38375"}],"curies":[{"name":"wp","href":"https:\/\/api.w.org\/{rel}","templated":true}]}}