{"id":38370,"date":"2021-06-03T00:50:34","date_gmt":"2021-06-03T03:50:34","guid":{"rendered":"http:\/\/vocesparalelas.com.ar\/sitio\/?p=38370"},"modified":"2021-06-04T00:52:35","modified_gmt":"2021-06-04T03:52:35","slug":"diplomatura-universitaria-creacion-en-danza-teatro","status":"publish","type":"post","link":"https:\/\/vocesparalelas.com.ar\/sitio\/diplomatura-universitaria-creacion-en-danza-teatro\/","title":{"rendered":"Diplomatura Universitaria \u201cCreaci\u00f3n en Danza-Teatro\u201d"},"content":{"rendered":"<p>En conferencia de prensa, el Viernes, 4 de Junio, a las 9.30 hs.; en el tercer piso del Edificio Central de la UNSJ se lanza la convocatoria para San Juan, Mendoza, San Luis y La Rioja de la Diplomatura Universitaria \u201cCreaci\u00f3n en Danza-Teatro\u201d.<\/p>\n<p>Es una propuesta que llevar\u00e1n adelante esta Universidad en conjunto con el Instituto Nacional del Teatro (INT) para constituir un espacio de formaci\u00f3n e intercambio de experiencias referidas a la creaci\u00f3n en danza-teatro, siempre desde un \u00e1mbito institucional p\u00fablico, laico y gratuito. Desde este mismo viernes 4 de junio, y hasta el 22 de este mes, ser\u00e1 la preinscripci\u00f3n.<\/p>\n<p>Para m\u00e1s informaci\u00f3n sobre esta diplomatura que comenzar\u00e1 en julio pr\u00f3ximo, enviar mail a:\u00a0<a href=\"diplomaturadanzateatro@gmail.com\">diplomaturadanzateatro@gmail.com<\/a>\u00a0El cupo es de 20 (veinte) personas por provincia.<\/p>\n<p><span style=\"color: #339966;\"><strong>Para Cuyo<\/strong><\/span><\/p>\n<p>\u201cEsto surgi\u00f3 desde el Acuerdo San Juan; all\u00ed se vio que no hab\u00eda formaci\u00f3n en danza a nivel p\u00fablico, abierto y gratuito, entonces empezamos a trabajar en hacer algo en danza, al tiempo que desde el Instituto Nacional del Teatro nos presentaron inquietudes. Por eso trabaj\u00f3 gente especializada en que pudi\u00e9ramos conjugar las dos \u00e1reas, tanto danza como teatro\u201d, detall\u00f3 DG. Eliana Perniche, secretaria de Extensi\u00f3n Universitaria de la UNSJ.<\/p>\n<p>Luego explic\u00f3 que el proyecto en un principio era s\u00f3lo para San Juan, desde dentro de la UNSJ, pero \u201ctermin\u00f3 conform\u00e1ndose una diplomatura y estamos compartiendo la inversi\u00f3n junto con el INT, que ya ha aprobado el proyecto\u201d.<\/p>\n<p>De esta manera, un proyecto que naci\u00f3 con la intenci\u00f3n de ser realizado a nivel provincial, se convirti\u00f3 en una propuesta para las provincias del llamado Nuevo Cuyo. \u201cCada provincia va a incorporar veinte personas y va a tener una modalidad compartida, bimodal, para poder realizar la parte te\u00f3rica de manera virtual y en la que habr\u00e1 docentes de cada provincia para que se puedan trabajar las realidades provinciales y compartir leyes, reglamentaciones, etc., y lograr as\u00ed una formaci\u00f3n m\u00e1s amplia. Pero la parte territorial ser\u00e1 en los mismos teatros o centros culturales de cada provincia. Adem\u00e1s, habr\u00e1 rotaci\u00f3n de docentes, siempre esperando que la pandemia nos habilite\u201d, se\u00f1al\u00f3 Perniche.<\/p>\n<p>La evaluaci\u00f3n final de la Diplomatura estar\u00e1 a cargo de docentes de las cuatro provincias del Nuevo Cuyo.<\/p>\n<p><span style=\"color: #339966;\"><strong>Simbiosis<\/strong><\/span><\/p>\n<p>La Secretaria de Extensi\u00f3n Universitaria de la UNSJ tambi\u00e9n refiri\u00f3 que los destinatarios de la Diplomatura son tanto personas del \u00e1mbito del teatro como de la danza. \u201cEs una suerte de simbiosis, se ha logrado que el contenido sea para las dos disciplinas\u201d, dijo y a\u00f1adi\u00f3 que la evaluaci\u00f3n del cursado, en 2022, ser\u00e1 una presentaci\u00f3n, con danza y teatro, de parte de los\/las estudiantes. \u201cSi no llegan a lograr el certificado de Diploma, completo, se les va a otorgar certificado por curso que terminen, porque es importante que no pierdan lo ya cursado\u201d, apunt\u00f3 la D.G. Eliana Perniche.<\/p>\n<p>La Diplomatura tiene una duraci\u00f3n de 10 meses. Su inicio ser\u00e1 el 23 de\u00a0julio de este a\u00f1o y finalizar\u00e1 en abril de 2022.<\/p>\n<p><img loading=\"lazy\" decoding=\"async\" class=\"alignnone wp-image-38372 size-full\" src=\"https:\/\/vocesparalelas.com.ar\/sitio\/wp-content\/uploads\/2021\/06\/UNSJ-DANZA.jpg\" alt=\"\" width=\"800\" height=\"600\" \/><\/p>\n","protected":false},"excerpt":{"rendered":"<p>En conferencia de prensa, el Viernes, 4 de Junio, a las 9.30 hs.; en el tercer piso del Edificio Central<\/p>\n","protected":false},"author":3,"featured_media":38373,"comment_status":"closed","ping_status":"closed","sticky":false,"template":"","format":"standard","meta":{"_acf_changed":false,"_seopress_robots_primary_cat":"none","_seopress_titles_title":"","_seopress_titles_desc":"","_seopress_robots_index":"","colormag_page_container_layout":"default_layout","colormag_page_sidebar_layout":"default_layout","footnotes":""},"categories":[9],"tags":[],"class_list":["post-38370","post","type-post","status-publish","format-standard","has-post-thumbnail","hentry","category-cursos"],"acf":[],"_links":{"self":[{"href":"https:\/\/vocesparalelas.com.ar\/sitio\/wp-json\/wp\/v2\/posts\/38370","targetHints":{"allow":["GET"]}}],"collection":[{"href":"https:\/\/vocesparalelas.com.ar\/sitio\/wp-json\/wp\/v2\/posts"}],"about":[{"href":"https:\/\/vocesparalelas.com.ar\/sitio\/wp-json\/wp\/v2\/types\/post"}],"author":[{"embeddable":true,"href":"https:\/\/vocesparalelas.com.ar\/sitio\/wp-json\/wp\/v2\/users\/3"}],"replies":[{"embeddable":true,"href":"https:\/\/vocesparalelas.com.ar\/sitio\/wp-json\/wp\/v2\/comments?post=38370"}],"version-history":[{"count":1,"href":"https:\/\/vocesparalelas.com.ar\/sitio\/wp-json\/wp\/v2\/posts\/38370\/revisions"}],"predecessor-version":[{"id":38374,"href":"https:\/\/vocesparalelas.com.ar\/sitio\/wp-json\/wp\/v2\/posts\/38370\/revisions\/38374"}],"wp:featuredmedia":[{"embeddable":true,"href":"https:\/\/vocesparalelas.com.ar\/sitio\/wp-json\/wp\/v2\/media\/38373"}],"wp:attachment":[{"href":"https:\/\/vocesparalelas.com.ar\/sitio\/wp-json\/wp\/v2\/media?parent=38370"}],"wp:term":[{"taxonomy":"category","embeddable":true,"href":"https:\/\/vocesparalelas.com.ar\/sitio\/wp-json\/wp\/v2\/categories?post=38370"},{"taxonomy":"post_tag","embeddable":true,"href":"https:\/\/vocesparalelas.com.ar\/sitio\/wp-json\/wp\/v2\/tags?post=38370"}],"curies":[{"name":"wp","href":"https:\/\/api.w.org\/{rel}","templated":true}]}}