{"id":38367,"date":"2021-06-03T00:18:19","date_gmt":"2021-06-03T03:18:19","guid":{"rendered":"http:\/\/vocesparalelas.com.ar\/sitio\/?p=38367"},"modified":"2021-06-04T00:36:37","modified_gmt":"2021-06-04T03:36:37","slug":"preinscripcion-para-cubrir-interinatos-y-suplencias-ciclo-lectivo-2022-de-la-rama-tecnica","status":"publish","type":"post","link":"https:\/\/vocesparalelas.com.ar\/sitio\/preinscripcion-para-cubrir-interinatos-y-suplencias-ciclo-lectivo-2022-de-la-rama-tecnica\/","title":{"rendered":"Preinscripci\u00f3n para cubrir Interinatos y Suplencias \u00abCiclo Lectivo 2022\u00bb de la Rama T\u00e9cnica"},"content":{"rendered":"<p>En el marco de la emergencia sanitaria originada por el COVID-19, en cumplimiento de los protocolos sanitarios preventivos la Junta de Clasificaci\u00f3n Docente Rama T\u00e9cnica, Monot\u00e9cnica, Agrot\u00e9cnica, de Formaci\u00f3n Profesional y Capacitaci\u00f3n Laboral, informa a los aspirantes interesados en cubrir Interinatos y Suplencias en los distintos establecimientos educativos de la provincia para el Ciclo Lectivo 2022 que deber\u00e1n realizar el siguiente procedimiento de preinscripci\u00f3n:<\/p>\n<ul>\n<li>El aspirante debe ingresar a la p\u00e1gina oficial del Ministerio de Educaci\u00f3n <a href=\"http:\/\/educacion.sanjuan.gob.ar\/\">http:\/\/educacion.sanjuan.gob.ar\/ <\/a>hasta el 30 de junio del 2021 para obtener y completar el formulario de Prenscripci\u00f3n para Interinatos y Suplencias del Ciclo Lectivo 2022.<\/li>\n<li>Se debe imprimir el comprobante que da el formulario de Preinscripci\u00f3n, dando as\u00ed por finalizado su tr\u00e1mite.<\/li>\n<\/ul>\n<p>Bajo estricto protocolo sanitario preventivo en la sede de calle Mitre 289 se recepcionar\u00e1 seg\u00fan Cronograma de acuerdo a su Titulaci\u00f3n la documentaci\u00f3n en un sobre papel madera tama\u00f1o oficio cerrado respetando el siguiente orden:<\/p>\n<ol>\n<li>Prestaci\u00f3n de Servicios<\/li>\n<li>Certificados que anexa (Legalizados por sala de copias del Ministerio de Educaci\u00f3n)<\/li>\n<li>Otros<\/li>\n<\/ol>\n<ul>\n<li>Es importante destacar que el aspirante qu\u00e9 no presente el comprobante de Preinscripci\u00f3n impreso y dentro del sobre, no podr\u00e1 acceder a la inscripci\u00f3n definitiva.<\/li>\n<li>El exterior del sobre papel madera deber\u00e1 contener los siguientes datos del docente: apellido y nombre, DNI, tel\u00e9fono de contacto, correo electr\u00f3nico y la cantidad de folios que incorpora.<\/li>\n<li>Junta entregar\u00e1 un comprobante de inscripci\u00f3n acreditando fecha y la cantidad de folios que contiene el sobre.<\/li>\n<li>La valoraci\u00f3n de la documentaci\u00f3n presentada se realizar\u00e1 sin presencia del docente (trabajo interno).<\/li>\n<li>La notificaci\u00f3n del listado de aspirantes inscriptos y su puntaje de valoraci\u00f3n ser\u00e1 publicado en la p\u00e1gina oficial del Ministerio de Educaci\u00f3n.<\/li>\n<li>Las inscripciones de aspirantes y docentes en Zonas Alejadas (J\u00e1chal, Valle F\u00e9rtil, Calingasta, Rodeo-Iglesia), ser\u00e1n en su departamento y \u201cno tendr\u00e1n que completar formulario de preinscripci\u00f3n\u201d<\/li>\n<\/ul>\n<p>El cronograma de recepci\u00f3n de la documentaci\u00f3n para valoraci\u00f3n de antecedentes y m\u00e9ritos correspondiente a las visitas en Zonas Alejadas ser\u00e1 oficialmente publicado y difundido. Las fechas quedar\u00e1n sujetas a las directivas nacionales y provinciales, respecto a la pandemia COVID \u2013 19, podr\u00e1n variar o quedar sin efecto.<\/p>\n<p><span style=\"color: #33cccc;\"><strong>Requisitos<\/strong><\/span><\/p>\n<p><span style=\"color: #33cccc;\"><strong>Para quienes se inscriben por primera vez:<\/strong><\/span><\/p>\n<ul>\n<li>Carpeta tipo espiral no colgante.<\/li>\n<li>Fotocopia legalizada del DNI, cara y reverso.<\/li>\n<li>Fotocopia legalizada del t\u00edtulo secundario registrado.<\/li>\n<li>Fotocopia legalizada del t\u00edtulo superior registrado o certificado provisorio, firmado por autoridad competente.<\/li>\n<li>Fotocopia legalizada por el Ministerio de Educaci\u00f3n de certificados de cursos realizados hasta el 30\/06\/2021.<\/li>\n<li>Certificaci\u00f3n de Servicio (si la tuviere)<\/li>\n<li>Otros.<\/li>\n<\/ul>\n<p><span style=\"color: #33cccc;\"><strong>Para quienes ya poseen carpeta en Junta:<\/strong><\/span><\/p>\n<ul>\n<li>Fotocopia legalizada por el Ministerio de Educaci\u00f3n de certificados de cursos realizados hasta el 30\/06\/2021.<\/li>\n<li>En caso que el aspirante presenta un nuevo T\u00edtulo, Pos T\u00edtulo, Especializaci\u00f3n, Actualizaci\u00f3n o Diplomatura deber\u00e1n estar registrados y legalizados por el Ministerio de Educaci\u00f3n. Se recibir\u00e1 el certificado provisorio original de T\u00edtulo firmado por autoridad competente.<\/li>\n<li>Certificaci\u00f3n de Servicio.<\/li>\n<li>Otros.<\/li>\n<\/ul>\n<p>Por consultas, los interesados comunicarse en horario de 8:30 a 12:30 horas a 4302210- 24302209<\/p>\n<p>&nbsp;<\/p>\n<p>&nbsp;<\/p>\n<p>&nbsp;<\/p>\n","protected":false},"excerpt":{"rendered":"<p>En el marco de la emergencia sanitaria originada por el COVID-19, en cumplimiento de los protocolos sanitarios preventivos la Junta<\/p>\n","protected":false},"author":3,"featured_media":36539,"comment_status":"closed","ping_status":"closed","sticky":false,"template":"","format":"standard","meta":{"_acf_changed":false,"_seopress_robots_primary_cat":"none","_seopress_titles_title":"","_seopress_titles_desc":"","_seopress_robots_index":"","colormag_page_container_layout":"default_layout","colormag_page_sidebar_layout":"default_layout","footnotes":""},"categories":[5],"tags":[],"class_list":["post-38367","post","type-post","status-publish","format-standard","has-post-thumbnail","hentry","category-ofrecimientos"],"acf":[],"_links":{"self":[{"href":"https:\/\/vocesparalelas.com.ar\/sitio\/wp-json\/wp\/v2\/posts\/38367","targetHints":{"allow":["GET"]}}],"collection":[{"href":"https:\/\/vocesparalelas.com.ar\/sitio\/wp-json\/wp\/v2\/posts"}],"about":[{"href":"https:\/\/vocesparalelas.com.ar\/sitio\/wp-json\/wp\/v2\/types\/post"}],"author":[{"embeddable":true,"href":"https:\/\/vocesparalelas.com.ar\/sitio\/wp-json\/wp\/v2\/users\/3"}],"replies":[{"embeddable":true,"href":"https:\/\/vocesparalelas.com.ar\/sitio\/wp-json\/wp\/v2\/comments?post=38367"}],"version-history":[{"count":1,"href":"https:\/\/vocesparalelas.com.ar\/sitio\/wp-json\/wp\/v2\/posts\/38367\/revisions"}],"predecessor-version":[{"id":38369,"href":"https:\/\/vocesparalelas.com.ar\/sitio\/wp-json\/wp\/v2\/posts\/38367\/revisions\/38369"}],"wp:featuredmedia":[{"embeddable":true,"href":"https:\/\/vocesparalelas.com.ar\/sitio\/wp-json\/wp\/v2\/media\/36539"}],"wp:attachment":[{"href":"https:\/\/vocesparalelas.com.ar\/sitio\/wp-json\/wp\/v2\/media?parent=38367"}],"wp:term":[{"taxonomy":"category","embeddable":true,"href":"https:\/\/vocesparalelas.com.ar\/sitio\/wp-json\/wp\/v2\/categories?post=38367"},{"taxonomy":"post_tag","embeddable":true,"href":"https:\/\/vocesparalelas.com.ar\/sitio\/wp-json\/wp\/v2\/tags?post=38367"}],"curies":[{"name":"wp","href":"https:\/\/api.w.org\/{rel}","templated":true}]}}