{"id":38350,"date":"2021-06-02T22:11:53","date_gmt":"2021-06-03T01:11:53","guid":{"rendered":"http:\/\/vocesparalelas.com.ar\/sitio\/?p=38350"},"modified":"2021-06-02T22:11:53","modified_gmt":"2021-06-03T01:11:53","slug":"se-acordo-la-presencialidad-cuidada-voluntaria-en-las-escuelas-de-san-juan","status":"publish","type":"post","link":"https:\/\/vocesparalelas.com.ar\/sitio\/se-acordo-la-presencialidad-cuidada-voluntaria-en-las-escuelas-de-san-juan\/","title":{"rendered":"Se acord\u00f3 la presencialidad cuidada voluntaria en las escuelas de San Juan"},"content":{"rendered":"<div class=\"itemBody\">\n<div class=\"itemFullText\">\n<p>El gobernador de San Juan, Dr. Sergio U\u00f1ac, acompa\u00f1ado por el ministro de Educaci\u00f3n, Lic. Felipe De Los R\u00edos, mantuvo el Mi\u00e9rcoles, 02 de Junio, una importante reuni\u00f3n con los referentes de los gremios docentes, de UDA, Prof. Julio Roberto Rosa; de UDAP, Prof. Luis Lucero y de AMET, Prof. Daniel Quiroga, quienes acordaron el regreso a la presencialidad cuidada voluntaria para los alumnos.<\/p>\n<p>La reuni\u00f3n, que estaba prevista a desarrollarse el viernes, se adelant\u00f3 por la agenda del gobernador.<\/p>\n<p>Teniendo en consideraci\u00f3n el informe de salud y de vacunaci\u00f3n al sector docente al d\u00eda de la fecha y el estimativo proyectado para el d\u00eda viernes, acordaron la presencialidad cuidada voluntaria a partir del d\u00eda Lunes, 7 de Junio para los alumnos todos los niveles y modalidades de la provincia de San Juan.<\/p>\n<p>Al respecto, el ministro de Educaci\u00f3n, Lic. Felipe De Los R\u00edos destac\u00f3 que \u00abcada familia tiene la oportunidad de decidir continuar con la virtualidad para que sus hijos no asistan al establecimiento si as\u00ed lo consideran, y aquellas familias que entiendan que est\u00e1n dadas las condiciones para que sus hijos asistan, ser\u00e1n recibidos en los horarios y de acuerdo c\u00f3mo establece la presencialidad cuidada, es decir una semana en la escuela y una semana desde el hogar\u201d.<\/p>\n<p>Todas las autoridades garantizaron el estricto cuidado de los protocolos en todos los establecimientos educativos.<\/p>\n<p>Por otra parte, determinaron que cada viernes en el \u00e1mbito del Ministerio de Educaci\u00f3n se realizar\u00e1 una reuni\u00f3n t\u00e9cnica entre autoridades de la cartera educativa, representantes del Ministerio de Salud y los secretarios generales de los gremios mencionados para analizar la evoluci\u00f3n de la situaci\u00f3n epidemiol\u00f3gica.<\/p>\n<\/div>\n<div class=\"clr\"><\/div>\n<\/div>\n<div class=\"itemNavigation\"><\/div>\n","protected":false},"excerpt":{"rendered":"<p>El gobernador de San Juan, Dr. Sergio U\u00f1ac, acompa\u00f1ado por el ministro de Educaci\u00f3n, Lic. Felipe De Los R\u00edos, mantuvo<\/p>\n","protected":false},"author":3,"featured_media":38352,"comment_status":"closed","ping_status":"closed","sticky":false,"template":"","format":"standard","meta":{"_acf_changed":false,"_seopress_robots_primary_cat":"none","_seopress_titles_title":"","_seopress_titles_desc":"","_seopress_robots_index":"","colormag_page_container_layout":"default_layout","colormag_page_sidebar_layout":"default_layout","footnotes":""},"categories":[1],"tags":[],"class_list":["post-38350","post","type-post","status-publish","format-standard","has-post-thumbnail","hentry","category-destacadas"],"acf":[],"_links":{"self":[{"href":"https:\/\/vocesparalelas.com.ar\/sitio\/wp-json\/wp\/v2\/posts\/38350","targetHints":{"allow":["GET"]}}],"collection":[{"href":"https:\/\/vocesparalelas.com.ar\/sitio\/wp-json\/wp\/v2\/posts"}],"about":[{"href":"https:\/\/vocesparalelas.com.ar\/sitio\/wp-json\/wp\/v2\/types\/post"}],"author":[{"embeddable":true,"href":"https:\/\/vocesparalelas.com.ar\/sitio\/wp-json\/wp\/v2\/users\/3"}],"replies":[{"embeddable":true,"href":"https:\/\/vocesparalelas.com.ar\/sitio\/wp-json\/wp\/v2\/comments?post=38350"}],"version-history":[{"count":1,"href":"https:\/\/vocesparalelas.com.ar\/sitio\/wp-json\/wp\/v2\/posts\/38350\/revisions"}],"predecessor-version":[{"id":38353,"href":"https:\/\/vocesparalelas.com.ar\/sitio\/wp-json\/wp\/v2\/posts\/38350\/revisions\/38353"}],"wp:featuredmedia":[{"embeddable":true,"href":"https:\/\/vocesparalelas.com.ar\/sitio\/wp-json\/wp\/v2\/media\/38352"}],"wp:attachment":[{"href":"https:\/\/vocesparalelas.com.ar\/sitio\/wp-json\/wp\/v2\/media?parent=38350"}],"wp:term":[{"taxonomy":"category","embeddable":true,"href":"https:\/\/vocesparalelas.com.ar\/sitio\/wp-json\/wp\/v2\/categories?post=38350"},{"taxonomy":"post_tag","embeddable":true,"href":"https:\/\/vocesparalelas.com.ar\/sitio\/wp-json\/wp\/v2\/tags?post=38350"}],"curies":[{"name":"wp","href":"https:\/\/api.w.org\/{rel}","templated":true}]}}