{"id":38320,"date":"2021-06-01T22:59:55","date_gmt":"2021-06-02T01:59:55","guid":{"rendered":"http:\/\/vocesparalelas.com.ar\/sitio\/?p=38320"},"modified":"2021-06-02T02:00:24","modified_gmt":"2021-06-02T05:00:24","slug":"hacia-las-clases-presenciales-en-san-juan","status":"publish","type":"post","link":"https:\/\/vocesparalelas.com.ar\/sitio\/hacia-las-clases-presenciales-en-san-juan\/","title":{"rendered":"Hacia las clases presenciales en San Juan"},"content":{"rendered":"<p>San Juan fue pionera de ofrecer clases presenciales escalonadas durante la pandemia. Frente al aumento de casos de COVID -19 en Argentina el Presidente, Dr. Alberto Fern\u00e1ndez, firm\u00f3 el DNU que decidi\u00f3 cerrar todo durante 9 d\u00edas.<\/p>\n<p>As\u00ed fue pero distintos grupos econ\u00f3micos, sociales y padres unidos reclamaron la presencialidad en distintos \u00e1mbitos.<\/p>\n<p>Es por ello, que el mi\u00e9rcoles, 2 de Junio, a las 19 hs.; el Gobernador de San Juan, Dr. Sergio U\u00f1ac convoc\u00f3 a una reuni\u00f3n con los Ministerios de Salud, Educaci\u00f3n y gremios docentes para analizar la situaci\u00f3n sanitaria para buscar los medios seguros necesarios para que se vuelva a la presencialidad de las clases.<\/p>\n<p>Adem\u00e1s, confirm\u00f3 que durante esta semana se vacuna a todos los docentes de San Juan de todos los niveles y modalidades de gesti\u00f3n p\u00fablica y privada para que reciban la 2\u00b0 Dosis. De esta manera se avanza en lo sanitario al 90%.<\/p>\n<p>Consultado al Ministerio de Educaci\u00f3n, Lic. Felipe De Los R\u00edos, quien cont\u00f3 lo que se proyecta pensando en la seguridad de los integrantes de la comunidad educativa.<\/p>\n<p><iframe loading=\"lazy\" title=\"PRESENCIAL\" width=\"800\" height=\"450\" src=\"https:\/\/www.youtube.com\/embed\/opYhXK6w79U?feature=oembed\" frameborder=\"0\" allow=\"accelerometer; autoplay; clipboard-write; encrypted-media; gyroscope; picture-in-picture\" allowfullscreen><\/iframe><\/p>\n<p>&nbsp;<\/p>\n<p>&nbsp;<\/p>\n<p>&nbsp;<\/p>\n","protected":false},"excerpt":{"rendered":"<p>San Juan fue pionera de ofrecer clases presenciales escalonadas durante la pandemia. Frente al aumento de casos de COVID -19<\/p>\n","protected":false},"author":3,"featured_media":36279,"comment_status":"closed","ping_status":"closed","sticky":false,"template":"","format":"video","meta":{"_acf_changed":false,"_seopress_robots_primary_cat":"none","_seopress_titles_title":"","_seopress_titles_desc":"","_seopress_robots_index":"","colormag_page_container_layout":"default_layout","colormag_page_sidebar_layout":"default_layout","footnotes":""},"categories":[1,7],"tags":[],"class_list":["post-38320","post","type-post","status-publish","format-video","has-post-thumbnail","hentry","category-destacadas","category-videos","post_format-post-format-video"],"acf":[],"_links":{"self":[{"href":"https:\/\/vocesparalelas.com.ar\/sitio\/wp-json\/wp\/v2\/posts\/38320","targetHints":{"allow":["GET"]}}],"collection":[{"href":"https:\/\/vocesparalelas.com.ar\/sitio\/wp-json\/wp\/v2\/posts"}],"about":[{"href":"https:\/\/vocesparalelas.com.ar\/sitio\/wp-json\/wp\/v2\/types\/post"}],"author":[{"embeddable":true,"href":"https:\/\/vocesparalelas.com.ar\/sitio\/wp-json\/wp\/v2\/users\/3"}],"replies":[{"embeddable":true,"href":"https:\/\/vocesparalelas.com.ar\/sitio\/wp-json\/wp\/v2\/comments?post=38320"}],"version-history":[{"count":1,"href":"https:\/\/vocesparalelas.com.ar\/sitio\/wp-json\/wp\/v2\/posts\/38320\/revisions"}],"predecessor-version":[{"id":38322,"href":"https:\/\/vocesparalelas.com.ar\/sitio\/wp-json\/wp\/v2\/posts\/38320\/revisions\/38322"}],"wp:featuredmedia":[{"embeddable":true,"href":"https:\/\/vocesparalelas.com.ar\/sitio\/wp-json\/wp\/v2\/media\/36279"}],"wp:attachment":[{"href":"https:\/\/vocesparalelas.com.ar\/sitio\/wp-json\/wp\/v2\/media?parent=38320"}],"wp:term":[{"taxonomy":"category","embeddable":true,"href":"https:\/\/vocesparalelas.com.ar\/sitio\/wp-json\/wp\/v2\/categories?post=38320"},{"taxonomy":"post_tag","embeddable":true,"href":"https:\/\/vocesparalelas.com.ar\/sitio\/wp-json\/wp\/v2\/tags?post=38320"}],"curies":[{"name":"wp","href":"https:\/\/api.w.org\/{rel}","templated":true}]}}