{"id":38314,"date":"2021-06-01T22:33:34","date_gmt":"2021-06-02T01:33:34","guid":{"rendered":"http:\/\/vocesparalelas.com.ar\/sitio\/?p=38314"},"modified":"2021-06-03T00:06:49","modified_gmt":"2021-06-03T03:06:49","slug":"inscripcion-para-la-vacunacion-de-docentes-y-personal-no-docente-universitarios","status":"publish","type":"post","link":"https:\/\/vocesparalelas.com.ar\/sitio\/inscripcion-para-la-vacunacion-de-docentes-y-personal-no-docente-universitarios\/","title":{"rendered":"Inscripci\u00f3n para la vacunaci\u00f3n de docentes y personal no docente universitarios"},"content":{"rendered":"<p style=\"text-align: left;\">El Gobierno de la Provincia de San Juan, a trav\u00e9s del Ministerio de Salud P\u00fablica comunica que a partir del 2 de junio se podr\u00e1n inscribir docentes y personal no docente universitarios en la p\u00e1gina<\/p>\n<p style=\"text-align: center;\"><a href=\"https:\/\/sisanjuan.gob.ar\/vacunacionsanjuan\">sisanjuan.gob.ar\/vacunacionsanjuan<\/a><\/p>\n<p>para obtener un turno para la colocaci\u00f3n de la primera dosis contra el COVID-19.<\/p>\n<p>Las personas que se inscriban y completen el formulario recibir\u00e1n un mensaje de texto del 40340, informando el d\u00eda, horario y centro de vacunaci\u00f3n asignado.<\/p>\n<p>El d\u00eda que tengan asignado el turno es necesario que presenten los siguientes requisitos:<\/p>\n<ul>\n<li>Presentar DNI<\/li>\n<li>Constancia de turno<\/li>\n<li>Certificado de la universidad donde cumple funciones.<\/li>\n<\/ul>\n<p><img loading=\"lazy\" decoding=\"async\" class=\"alignnone wp-image-38318 size-full\" src=\"https:\/\/vocesparalelas.com.ar\/sitio\/wp-content\/uploads\/2021\/06\/VACUNA-UNSJ.jpg\" alt=\"\" width=\"650\" height=\"1024\" \/><\/p>\n<p>&nbsp;<\/p>\n","protected":false},"excerpt":{"rendered":"<p>El Gobierno de la Provincia de San Juan, a trav\u00e9s del Ministerio de Salud P\u00fablica comunica que a partir del<\/p>\n","protected":false},"author":3,"featured_media":37498,"comment_status":"closed","ping_status":"closed","sticky":false,"template":"","format":"standard","meta":{"_acf_changed":false,"_seopress_robots_primary_cat":"none","_seopress_titles_title":"","_seopress_titles_desc":"","_seopress_robots_index":"","colormag_page_container_layout":"default_layout","colormag_page_sidebar_layout":"default_layout","footnotes":""},"categories":[6],"tags":[],"class_list":["post-38314","post","type-post","status-publish","format-standard","has-post-thumbnail","hentry","category-eventos"],"acf":[],"_links":{"self":[{"href":"https:\/\/vocesparalelas.com.ar\/sitio\/wp-json\/wp\/v2\/posts\/38314","targetHints":{"allow":["GET"]}}],"collection":[{"href":"https:\/\/vocesparalelas.com.ar\/sitio\/wp-json\/wp\/v2\/posts"}],"about":[{"href":"https:\/\/vocesparalelas.com.ar\/sitio\/wp-json\/wp\/v2\/types\/post"}],"author":[{"embeddable":true,"href":"https:\/\/vocesparalelas.com.ar\/sitio\/wp-json\/wp\/v2\/users\/3"}],"replies":[{"embeddable":true,"href":"https:\/\/vocesparalelas.com.ar\/sitio\/wp-json\/wp\/v2\/comments?post=38314"}],"version-history":[{"count":2,"href":"https:\/\/vocesparalelas.com.ar\/sitio\/wp-json\/wp\/v2\/posts\/38314\/revisions"}],"predecessor-version":[{"id":38319,"href":"https:\/\/vocesparalelas.com.ar\/sitio\/wp-json\/wp\/v2\/posts\/38314\/revisions\/38319"}],"wp:featuredmedia":[{"embeddable":true,"href":"https:\/\/vocesparalelas.com.ar\/sitio\/wp-json\/wp\/v2\/media\/37498"}],"wp:attachment":[{"href":"https:\/\/vocesparalelas.com.ar\/sitio\/wp-json\/wp\/v2\/media?parent=38314"}],"wp:term":[{"taxonomy":"category","embeddable":true,"href":"https:\/\/vocesparalelas.com.ar\/sitio\/wp-json\/wp\/v2\/categories?post=38314"},{"taxonomy":"post_tag","embeddable":true,"href":"https:\/\/vocesparalelas.com.ar\/sitio\/wp-json\/wp\/v2\/tags?post=38314"}],"curies":[{"name":"wp","href":"https:\/\/api.w.org\/{rel}","templated":true}]}}