{"id":38306,"date":"2021-06-01T20:10:04","date_gmt":"2021-06-01T23:10:04","guid":{"rendered":"http:\/\/vocesparalelas.com.ar\/sitio\/?p=38306"},"modified":"2021-06-03T00:37:55","modified_gmt":"2021-06-03T03:37:55","slug":"se-suspende-la-atencion-hasta-el-4-de-junio-de-la-junta-de-clasificacion-docente-rama-media-y-superior","status":"publish","type":"post","link":"https:\/\/vocesparalelas.com.ar\/sitio\/se-suspende-la-atencion-hasta-el-4-de-junio-de-la-junta-de-clasificacion-docente-rama-media-y-superior\/","title":{"rendered":"Se suspende la atenci\u00f3n hasta el 4 de junio de la Junta de Clasificaci\u00f3n Docente Rama Media y Superior"},"content":{"rendered":"<p>La Junta de Clasificaci\u00f3n Docente Rama Media y Superior del Ministerio de Educaci\u00f3n del Gobierno de San Juan comunica que se suspende la atenci\u00f3n al p\u00fablico, como as\u00ed tambi\u00e9n todos los llamados especiales hasta el Viernes, 4 de Junio, en el marco de las medidas de restricci\u00f3n en prevenci\u00f3n preventiva por la pandemia.<\/p>\n<p>&nbsp;<\/p>\n<p>&nbsp;<\/p>\n","protected":false},"excerpt":{"rendered":"<p>La Junta de Clasificaci\u00f3n Docente Rama Media y Superior del Ministerio de Educaci\u00f3n del Gobierno de San Juan comunica que<\/p>\n","protected":false},"author":3,"featured_media":28823,"comment_status":"closed","ping_status":"closed","sticky":false,"template":"","format":"standard","meta":{"_acf_changed":false,"_seopress_robots_primary_cat":"none","_seopress_titles_title":"","_seopress_titles_desc":"","_seopress_robots_index":"","colormag_page_container_layout":"default_layout","colormag_page_sidebar_layout":"default_layout","footnotes":""},"categories":[5],"tags":[],"class_list":["post-38306","post","type-post","status-publish","format-standard","has-post-thumbnail","hentry","category-ofrecimientos"],"acf":[],"_links":{"self":[{"href":"https:\/\/vocesparalelas.com.ar\/sitio\/wp-json\/wp\/v2\/posts\/38306","targetHints":{"allow":["GET"]}}],"collection":[{"href":"https:\/\/vocesparalelas.com.ar\/sitio\/wp-json\/wp\/v2\/posts"}],"about":[{"href":"https:\/\/vocesparalelas.com.ar\/sitio\/wp-json\/wp\/v2\/types\/post"}],"author":[{"embeddable":true,"href":"https:\/\/vocesparalelas.com.ar\/sitio\/wp-json\/wp\/v2\/users\/3"}],"replies":[{"embeddable":true,"href":"https:\/\/vocesparalelas.com.ar\/sitio\/wp-json\/wp\/v2\/comments?post=38306"}],"version-history":[{"count":1,"href":"https:\/\/vocesparalelas.com.ar\/sitio\/wp-json\/wp\/v2\/posts\/38306\/revisions"}],"predecessor-version":[{"id":38308,"href":"https:\/\/vocesparalelas.com.ar\/sitio\/wp-json\/wp\/v2\/posts\/38306\/revisions\/38308"}],"wp:featuredmedia":[{"embeddable":true,"href":"https:\/\/vocesparalelas.com.ar\/sitio\/wp-json\/wp\/v2\/media\/28823"}],"wp:attachment":[{"href":"https:\/\/vocesparalelas.com.ar\/sitio\/wp-json\/wp\/v2\/media?parent=38306"}],"wp:term":[{"taxonomy":"category","embeddable":true,"href":"https:\/\/vocesparalelas.com.ar\/sitio\/wp-json\/wp\/v2\/categories?post=38306"},{"taxonomy":"post_tag","embeddable":true,"href":"https:\/\/vocesparalelas.com.ar\/sitio\/wp-json\/wp\/v2\/tags?post=38306"}],"curies":[{"name":"wp","href":"https:\/\/api.w.org\/{rel}","templated":true}]}}