{"id":38264,"date":"2021-06-01T01:13:23","date_gmt":"2021-06-01T04:13:23","guid":{"rendered":"http:\/\/vocesparalelas.com.ar\/sitio\/?p=38264"},"modified":"2021-06-01T01:17:06","modified_gmt":"2021-06-01T04:17:06","slug":"firmaron-un-acuerdo-para-optimizar-el-sector-vitivinicola","status":"publish","type":"post","link":"https:\/\/vocesparalelas.com.ar\/sitio\/firmaron-un-acuerdo-para-optimizar-el-sector-vitivinicola\/","title":{"rendered":"Firmaron un acuerdo para optimizar el sector vitivin\u00edcola"},"content":{"rendered":"<p>El Gobierno de San Juan, a trav\u00e9s de la Secretar\u00eda de Estado de Ciencia Tecnolog\u00eda e Innovaci\u00f3n (SECITI) fomenta la creaci\u00f3n y el funcionamiento de entidades que trabajen articuladamente para el desarrollo de proyectos de investigaci\u00f3n, capacitaci\u00f3n, generaci\u00f3n de redes asociativas y otras formas de extensi\u00f3n en \u00e1reas de mutuo inter\u00e9s.<\/p>\n<p>En esta oportunidad, SECITI aportar\u00e1 $600.000 al Consejo Profesional de En\u00f3logos (CPESJ) para apoyar capacitaciones de en\u00f3logos para el desarrollo de t\u00e9cnicas de an\u00e1lisis enol\u00f3gicos, actualizar conocimientos y fundamentos para un adecuado trabajo en el laboratorio en cada bodega con la finalidad de aplicar su propio criterio anal\u00edtico en las tareas de control de vinos y\/o mostos, permitiendo una correcta interpretaci\u00f3n de los resultados obtenidos, mejorando la calidad y competitividad del producto final.<\/p>\n<p>En primer lugar, el Presidente Consejo Profesional de En\u00f3logos, Enol. Pedro Pelegrina destac\u00f3 la importancia de la firma del convenio y agradeci\u00f3 la confianza del Gobierno de San Juan por el gran desaf\u00edo que asume la instituci\u00f3n.<\/p>\n<p><iframe loading=\"lazy\" title=\"SECITI\" width=\"800\" height=\"450\" src=\"https:\/\/www.youtube.com\/embed\/OVbd3FgcoxU?feature=oembed\" frameborder=\"0\" allow=\"accelerometer; autoplay; clipboard-write; encrypted-media; gyroscope; picture-in-picture\" allowfullscreen><\/iframe><\/p>\n<p>Posteriormente, el Secretario de Estado de Ciencia Tecnolog\u00eda e Innovaci\u00f3n , Ing. Tulio\u00a0Del Bono destac\u00f3 que \u00abla vitivinicultura necesita que hagamos cosas excepcionales para poder trascender en un mundo muy competitivo. Necesitamos llegar a los m\u00e1ximos niveles de calidad y comercializaci\u00f3n. Estamos ayudando a los en\u00f3logos, bodegueros y al sistema productivo para aportar mayores conocimientos. La mejor tecnolog\u00eda y equipo de an\u00e1lisis de datos. Esos datos los debemos saber aplicar y all\u00ed entra la parte de conocimiento y cient\u00edfica donde nosotros podemos ayudar. Se dar\u00e1n alrededor de diez cursos para que los en\u00f3logos puedan acceder y puedan sacar el mayor provecho posible\u201d.<\/p>\n<p><iframe loading=\"lazy\" title=\"SECITI\" width=\"800\" height=\"450\" src=\"https:\/\/www.youtube.com\/embed\/c4aNWsJmQrE?feature=oembed\" frameborder=\"0\" allow=\"accelerometer; autoplay; clipboard-write; encrypted-media; gyroscope; picture-in-picture\" allowfullscreen><\/iframe><\/p>\n<p>Seguidamente, se firm\u00f3 el convenio por el el Presidente Consejo Profesional de En\u00f3logos, Enol. Pedro Pelegrina, el Secretario de Estado de Ciencia Tecnolog\u00eda e Innovaci\u00f3n , Ing. Tulio\u00a0Del Bono y el Gobernador, Dr. Sergio U\u00f1ac.<\/p>\n<p><img loading=\"lazy\" decoding=\"async\" class=\"alignnone wp-image-38268 size-full\" src=\"https:\/\/vocesparalelas.com.ar\/sitio\/wp-content\/uploads\/2021\/06\/SECITI-03.jpg\" alt=\"\" width=\"800\" height=\"533\" srcset=\"https:\/\/vocesparalelas.com.ar\/sitio\/wp-content\/uploads\/2021\/06\/SECITI-03.jpg 800w, https:\/\/vocesparalelas.com.ar\/sitio\/wp-content\/uploads\/2021\/06\/SECITI-03-300x200.jpg 300w, https:\/\/vocesparalelas.com.ar\/sitio\/wp-content\/uploads\/2021\/06\/SECITI-03-768x512.jpg 768w\" sizes=\"auto, (max-width: 800px) 100vw, 800px\" \/><\/p>\n<p><img loading=\"lazy\" decoding=\"async\" class=\"alignnone wp-image-38267 size-full\" src=\"https:\/\/vocesparalelas.com.ar\/sitio\/wp-content\/uploads\/2021\/06\/SECITI-02.jpg\" alt=\"\" width=\"800\" height=\"533\" srcset=\"https:\/\/vocesparalelas.com.ar\/sitio\/wp-content\/uploads\/2021\/06\/SECITI-02.jpg 800w, https:\/\/vocesparalelas.com.ar\/sitio\/wp-content\/uploads\/2021\/06\/SECITI-02-300x200.jpg 300w, https:\/\/vocesparalelas.com.ar\/sitio\/wp-content\/uploads\/2021\/06\/SECITI-02-768x512.jpg 768w\" sizes=\"auto, (max-width: 800px) 100vw, 800px\" \/><\/p>\n<p><img loading=\"lazy\" decoding=\"async\" class=\"alignnone wp-image-38266 size-full\" src=\"https:\/\/vocesparalelas.com.ar\/sitio\/wp-content\/uploads\/2021\/06\/SECITI-01.jpg\" alt=\"\" width=\"800\" height=\"533\" srcset=\"https:\/\/vocesparalelas.com.ar\/sitio\/wp-content\/uploads\/2021\/06\/SECITI-01.jpg 800w, https:\/\/vocesparalelas.com.ar\/sitio\/wp-content\/uploads\/2021\/06\/SECITI-01-300x200.jpg 300w, https:\/\/vocesparalelas.com.ar\/sitio\/wp-content\/uploads\/2021\/06\/SECITI-01-768x512.jpg 768w\" sizes=\"auto, (max-width: 800px) 100vw, 800px\" \/><\/p>\n<p>Finalmente, el Gobernador, Dr. Sergio U\u00f1ac manifest\u00f3 que \u00abcon estas medidas, pretendemos sobrellevar el presente para que todos puedan mantener sus actividades originales y para que los trabajadores mantengan sus empleos. Eso nos demanda mucho tiempo, esfuerzo y horas de trabajo, bajo la esperanza de volver a vivir mejor\u00bb.<\/p>\n<p><iframe loading=\"lazy\" title=\"SECITI\" width=\"800\" height=\"450\" src=\"https:\/\/www.youtube.com\/embed\/Zx5OTUU21Gk?feature=oembed\" frameborder=\"0\" allow=\"accelerometer; autoplay; clipboard-write; encrypted-media; gyroscope; picture-in-picture\" allowfullscreen><\/iframe><\/p>\n<p>&nbsp;<\/p>\n<p><img loading=\"lazy\" decoding=\"async\" class=\"alignnone wp-image-38269 size-full\" src=\"https:\/\/vocesparalelas.com.ar\/sitio\/wp-content\/uploads\/2021\/06\/SECITI-04.jpg\" alt=\"\" width=\"800\" height=\"533\" srcset=\"https:\/\/vocesparalelas.com.ar\/sitio\/wp-content\/uploads\/2021\/06\/SECITI-04.jpg 800w, https:\/\/vocesparalelas.com.ar\/sitio\/wp-content\/uploads\/2021\/06\/SECITI-04-300x200.jpg 300w, https:\/\/vocesparalelas.com.ar\/sitio\/wp-content\/uploads\/2021\/06\/SECITI-04-768x512.jpg 768w\" sizes=\"auto, (max-width: 800px) 100vw, 800px\" \/><\/p>\n<p>&nbsp;<\/p>\n<p>&nbsp;<\/p>\n<p><iframe loading=\"lazy\" title=\"El Gobierno y el Consejo Profesional de En\u00f3logos firmaron acta para optimizar el sector vitivin\u00edcola\" width=\"800\" height=\"450\" src=\"https:\/\/www.youtube.com\/embed\/ECISbZ7jsTM?feature=oembed\" frameborder=\"0\" allow=\"accelerometer; autoplay; clipboard-write; encrypted-media; gyroscope; picture-in-picture\" allowfullscreen><\/iframe><\/p>\n<p>&nbsp;<\/p>\n<p>&nbsp;<\/p>\n<p>&nbsp;<\/p>\n<p>&nbsp;<\/p>\n","protected":false},"excerpt":{"rendered":"<p>El Gobierno de San Juan, a trav\u00e9s de la Secretar\u00eda de Estado de Ciencia Tecnolog\u00eda e Innovaci\u00f3n (SECITI) fomenta la<\/p>\n","protected":false},"author":3,"featured_media":38270,"comment_status":"closed","ping_status":"closed","sticky":false,"template":"","format":"video","meta":{"_acf_changed":false,"_seopress_robots_primary_cat":"none","_seopress_titles_title":"","_seopress_titles_desc":"","_seopress_robots_index":"","colormag_page_container_layout":"default_layout","colormag_page_sidebar_layout":"default_layout","footnotes":""},"categories":[1,7],"tags":[],"class_list":["post-38264","post","type-post","status-publish","format-video","has-post-thumbnail","hentry","category-destacadas","category-videos","post_format-post-format-video"],"acf":[],"_links":{"self":[{"href":"https:\/\/vocesparalelas.com.ar\/sitio\/wp-json\/wp\/v2\/posts\/38264","targetHints":{"allow":["GET"]}}],"collection":[{"href":"https:\/\/vocesparalelas.com.ar\/sitio\/wp-json\/wp\/v2\/posts"}],"about":[{"href":"https:\/\/vocesparalelas.com.ar\/sitio\/wp-json\/wp\/v2\/types\/post"}],"author":[{"embeddable":true,"href":"https:\/\/vocesparalelas.com.ar\/sitio\/wp-json\/wp\/v2\/users\/3"}],"replies":[{"embeddable":true,"href":"https:\/\/vocesparalelas.com.ar\/sitio\/wp-json\/wp\/v2\/comments?post=38264"}],"version-history":[{"count":2,"href":"https:\/\/vocesparalelas.com.ar\/sitio\/wp-json\/wp\/v2\/posts\/38264\/revisions"}],"predecessor-version":[{"id":38279,"href":"https:\/\/vocesparalelas.com.ar\/sitio\/wp-json\/wp\/v2\/posts\/38264\/revisions\/38279"}],"wp:featuredmedia":[{"embeddable":true,"href":"https:\/\/vocesparalelas.com.ar\/sitio\/wp-json\/wp\/v2\/media\/38270"}],"wp:attachment":[{"href":"https:\/\/vocesparalelas.com.ar\/sitio\/wp-json\/wp\/v2\/media?parent=38264"}],"wp:term":[{"taxonomy":"category","embeddable":true,"href":"https:\/\/vocesparalelas.com.ar\/sitio\/wp-json\/wp\/v2\/categories?post=38264"},{"taxonomy":"post_tag","embeddable":true,"href":"https:\/\/vocesparalelas.com.ar\/sitio\/wp-json\/wp\/v2\/tags?post=38264"}],"curies":[{"name":"wp","href":"https:\/\/api.w.org\/{rel}","templated":true}]}}