{"id":38258,"date":"2021-05-31T23:43:48","date_gmt":"2021-06-01T02:43:48","guid":{"rendered":"http:\/\/vocesparalelas.com.ar\/sitio\/?p=38258"},"modified":"2021-06-01T23:18:12","modified_gmt":"2021-06-02T02:18:12","slug":"se-retrasa-el-inicio-de-la-poda-del-arbolado-publico-2021-evite-multas","status":"publish","type":"post","link":"https:\/\/vocesparalelas.com.ar\/sitio\/se-retrasa-el-inicio-de-la-poda-del-arbolado-publico-2021-evite-multas\/","title":{"rendered":"Se retrasa el inicio de la poda del arbolado p\u00fablico 2021 Evite multas"},"content":{"rendered":"<p>La Municipalidad de Rivadavia informa\u00a0 a todos los vecinos, que el periodo habilitado para la poda inicia el Martes, 1 de Junio, en virtud de lo establecido por la Direcci\u00f3n de Arbolado P\u00fablico del Gobierno de San Juan.<\/p>\n<p>As\u00ed mismo, el municipio, retrasa sus actividades de poda, ya que la mayor\u00eda de los forestales presentes en arbolado de alineaci\u00f3n y espacios verdes todav\u00eda presentan follaje, lo que significa que a\u00fan est\u00e1n realizando actividad fotosint\u00e9tica y almacenando sustancias de reserva en las ra\u00edces.<\/p>\n<p>Por todo esto, se solicita a los vecinos, no realizar intervenciones en el arbolado p\u00fablico y en casos excepcionales o puntuales solicitar el asesoramiento t\u00e9cnico correspondiente, a la Direcci\u00f3n de Medio Ambiente Municipal.<\/p>\n<p>Evite multas, cumpla con las disposiciones establecidas por la autoridad de aplicaci\u00f3n.<\/p>\n<p>Autorizaci\u00f3n para poda de arbolado p\u00fablico:<\/p>\n<ul>\n<li>Atenci\u00f3n al Vecino 2644435809 (WhatsApp).<\/li>\n<li>Asesoramiento T\u00e9cnico: Direcci\u00f3n de Medio Ambiente: 4331993 int. 168.<\/li>\n<\/ul>\n<p>&nbsp;<\/p>\n<p><img loading=\"lazy\" decoding=\"async\" class=\"alignnone wp-image-38260 size-full\" src=\"https:\/\/vocesparalelas.com.ar\/sitio\/wp-content\/uploads\/2021\/05\/RIVADAVIA-PODA.jpg\" alt=\"\" width=\"800\" height=\"600\" srcset=\"https:\/\/vocesparalelas.com.ar\/sitio\/wp-content\/uploads\/2021\/05\/RIVADAVIA-PODA.jpg 800w, https:\/\/vocesparalelas.com.ar\/sitio\/wp-content\/uploads\/2021\/05\/RIVADAVIA-PODA-300x225.jpg 300w, https:\/\/vocesparalelas.com.ar\/sitio\/wp-content\/uploads\/2021\/05\/RIVADAVIA-PODA-768x576.jpg 768w\" sizes=\"auto, (max-width: 800px) 100vw, 800px\" \/><\/p>\n<p>&nbsp;<\/p>\n<p>&nbsp;<\/p>\n","protected":false},"excerpt":{"rendered":"<p>La Municipalidad de Rivadavia informa\u00a0 a todos los vecinos, que el periodo habilitado para la poda inicia el Martes, 1<\/p>\n","protected":false},"author":3,"featured_media":2434,"comment_status":"closed","ping_status":"closed","sticky":false,"template":"","format":"standard","meta":{"_acf_changed":false,"_seopress_robots_primary_cat":"none","_seopress_titles_title":"","_seopress_titles_desc":"","_seopress_robots_index":"","colormag_page_container_layout":"default_layout","colormag_page_sidebar_layout":"default_layout","footnotes":""},"categories":[6],"tags":[],"class_list":["post-38258","post","type-post","status-publish","format-standard","has-post-thumbnail","hentry","category-eventos"],"acf":[],"_links":{"self":[{"href":"https:\/\/vocesparalelas.com.ar\/sitio\/wp-json\/wp\/v2\/posts\/38258","targetHints":{"allow":["GET"]}}],"collection":[{"href":"https:\/\/vocesparalelas.com.ar\/sitio\/wp-json\/wp\/v2\/posts"}],"about":[{"href":"https:\/\/vocesparalelas.com.ar\/sitio\/wp-json\/wp\/v2\/types\/post"}],"author":[{"embeddable":true,"href":"https:\/\/vocesparalelas.com.ar\/sitio\/wp-json\/wp\/v2\/users\/3"}],"replies":[{"embeddable":true,"href":"https:\/\/vocesparalelas.com.ar\/sitio\/wp-json\/wp\/v2\/comments?post=38258"}],"version-history":[{"count":1,"href":"https:\/\/vocesparalelas.com.ar\/sitio\/wp-json\/wp\/v2\/posts\/38258\/revisions"}],"predecessor-version":[{"id":38261,"href":"https:\/\/vocesparalelas.com.ar\/sitio\/wp-json\/wp\/v2\/posts\/38258\/revisions\/38261"}],"wp:featuredmedia":[{"embeddable":true,"href":"https:\/\/vocesparalelas.com.ar\/sitio\/wp-json\/wp\/v2\/media\/2434"}],"wp:attachment":[{"href":"https:\/\/vocesparalelas.com.ar\/sitio\/wp-json\/wp\/v2\/media?parent=38258"}],"wp:term":[{"taxonomy":"category","embeddable":true,"href":"https:\/\/vocesparalelas.com.ar\/sitio\/wp-json\/wp\/v2\/categories?post=38258"},{"taxonomy":"post_tag","embeddable":true,"href":"https:\/\/vocesparalelas.com.ar\/sitio\/wp-json\/wp\/v2\/tags?post=38258"}],"curies":[{"name":"wp","href":"https:\/\/api.w.org\/{rel}","templated":true}]}}