{"id":38253,"date":"2021-05-31T20:56:19","date_gmt":"2021-05-31T23:56:19","guid":{"rendered":"http:\/\/vocesparalelas.com.ar\/sitio\/?p=38253"},"modified":"2021-06-01T21:44:34","modified_gmt":"2021-06-02T00:44:34","slug":"se-aprobo-el-protocolo-para-las-elecciones-de-la-unsj","status":"publish","type":"post","link":"https:\/\/vocesparalelas.com.ar\/sitio\/se-aprobo-el-protocolo-para-las-elecciones-de-la-unsj\/","title":{"rendered":"Se aprob\u00f3 el protocolo para las elecciones de la UNSJ"},"content":{"rendered":"<p>Luego de m\u00e1s de cinco horas de debate, el Consejo Superior aprob\u00f3 por mayor\u00eda el Protocolo para las Elecciones Generales Universitarias, que hab\u00eda sido elaborado por la Junta Electoral con el aporte de integrantes del Comit\u00e9 de Expertos y del Comit\u00e9 COVID de la UNSJ.<\/p>\n<p>Tras haberse informado sobre la reanudaci\u00f3n de los hisopados a los miembros de la comunidad universitaria con s\u00edntomas y las gestiones para comenzar a vacunar ante Salud P\u00fablica de la provincia, el cuerpo se aboc\u00f3 a debatir sobre el Protocolo para las Elecciones, que ahora debe ser enviado al Comit\u00e9 COVID de la provincia, para su aprobaci\u00f3n.<\/p>\n<p>De sostenerse, esto abrir\u00eda la puerta para que efectivamente se realicen las Elecciones Generales el pr\u00f3ximo 10 de junio. Durante la sesi\u00f3n, algunos consejeros y consejeras se manifestaron en contra de la realizaci\u00f3n de las elecciones en esa fecha, pero dado que el punto espec\u00edfico del orden del d\u00eda era s\u00f3lo la consideraci\u00f3n del protocolo, se resolvi\u00f3 votar.<\/p>\n<p>El pedido generalizado fue considerar todos los aportes que hicieron distintos miembros del Consejo para mejorar el protocolo y adecuarlo a las disposiciones sanitarias de la provincia. El documento contiene consideraciones acerca de cantidad de electores por mesa, comportamiento de las autoridades, modalidad para el ingreso y egresado de los establecimientos donde se votar\u00e1, distancia entre personas, medidas preventivas de higiene, permanencia de las personas tanto en el interior como en el exterior de los lugares de votaci\u00f3n, entre otros aspectos.<\/p>\n<p>La sesi\u00f3n debi\u00f3 levantarse ante la falta de quorum, fij\u00e1ndose como fecha tentativa el jueves 3 de junio para el tratamiento de los temas que quedaron pendientes.<\/p>\n<p>&nbsp;<\/p>\n<p>&nbsp;<\/p>\n","protected":false},"excerpt":{"rendered":"<p>Luego de m\u00e1s de cinco horas de debate, el Consejo Superior aprob\u00f3 por mayor\u00eda el Protocolo para las Elecciones Generales<\/p>\n","protected":false},"author":3,"featured_media":36750,"comment_status":"closed","ping_status":"closed","sticky":false,"template":"","format":"standard","meta":{"_acf_changed":false,"_seopress_robots_primary_cat":"none","_seopress_titles_title":"","_seopress_titles_desc":"","_seopress_robots_index":"","colormag_page_container_layout":"default_layout","colormag_page_sidebar_layout":"default_layout","footnotes":""},"categories":[10],"tags":[],"class_list":["post-38253","post","type-post","status-publish","format-standard","has-post-thumbnail","hentry","category-opiniones"],"acf":[],"_links":{"self":[{"href":"https:\/\/vocesparalelas.com.ar\/sitio\/wp-json\/wp\/v2\/posts\/38253","targetHints":{"allow":["GET"]}}],"collection":[{"href":"https:\/\/vocesparalelas.com.ar\/sitio\/wp-json\/wp\/v2\/posts"}],"about":[{"href":"https:\/\/vocesparalelas.com.ar\/sitio\/wp-json\/wp\/v2\/types\/post"}],"author":[{"embeddable":true,"href":"https:\/\/vocesparalelas.com.ar\/sitio\/wp-json\/wp\/v2\/users\/3"}],"replies":[{"embeddable":true,"href":"https:\/\/vocesparalelas.com.ar\/sitio\/wp-json\/wp\/v2\/comments?post=38253"}],"version-history":[{"count":1,"href":"https:\/\/vocesparalelas.com.ar\/sitio\/wp-json\/wp\/v2\/posts\/38253\/revisions"}],"predecessor-version":[{"id":38255,"href":"https:\/\/vocesparalelas.com.ar\/sitio\/wp-json\/wp\/v2\/posts\/38253\/revisions\/38255"}],"wp:featuredmedia":[{"embeddable":true,"href":"https:\/\/vocesparalelas.com.ar\/sitio\/wp-json\/wp\/v2\/media\/36750"}],"wp:attachment":[{"href":"https:\/\/vocesparalelas.com.ar\/sitio\/wp-json\/wp\/v2\/media?parent=38253"}],"wp:term":[{"taxonomy":"category","embeddable":true,"href":"https:\/\/vocesparalelas.com.ar\/sitio\/wp-json\/wp\/v2\/categories?post=38253"},{"taxonomy":"post_tag","embeddable":true,"href":"https:\/\/vocesparalelas.com.ar\/sitio\/wp-json\/wp\/v2\/tags?post=38253"}],"curies":[{"name":"wp","href":"https:\/\/api.w.org\/{rel}","templated":true}]}}