{"id":38246,"date":"2021-05-31T20:20:34","date_gmt":"2021-05-31T23:20:34","guid":{"rendered":"http:\/\/vocesparalelas.com.ar\/sitio\/?p=38246"},"modified":"2021-06-01T23:17:36","modified_gmt":"2021-06-02T02:17:36","slug":"sumate-al-fondo-solidario-de-adicus","status":"publish","type":"post","link":"https:\/\/vocesparalelas.com.ar\/sitio\/sumate-al-fondo-solidario-de-adicus\/","title":{"rendered":"Sumate al Fondo Solidario de ADICUS"},"content":{"rendered":"<div dir=\"auto\">\n<div dir=\"auto\">Como es de p\u00fablico conocimiento, en San Juan estamos atravesando la segunda ola de contagios de COVID-19 y, cada vez, la situaci\u00f3n sanitaria es m\u00e1s cr\u00edtica en nuestra provincia. En ese mismo sentido, cada vez m\u00e1s trabajadores y trabajadoras de la Universidad Nacional de San Juan se contagian y, muchos se encuentran en situaci\u00f3n cr\u00edtica necesitando tratamiento de ox\u00edgeno.<\/div>\n<div dir=\"auto\"><\/div>\n<div dir=\"auto\">Desde ADICUS impulsamos un Fondo Solidario para ayudar a aquellas personas que necesiten del tratamiento y no logren costear el total de los gastos. Para llevar adelante este fondo, llevaremos adelante una campa\u00f1a solidaria buscando aportes de aquellas personas que puedan entregar una suma de dinero para apoyar esta causa.<\/div>\n<div dir=\"auto\"><\/div>\n<div dir=\"auto\">Los aportes solidarios los recibiremos a trav\u00e9s de transferencias bancarias o por medio de nuestra plataforma de pagos. En cualquiera de los dos casos, se puede aportar el dinero que cada uno pueda aportar, sin un m\u00ednimo ni un m\u00e1ximo estimado.<\/div>\n<div dir=\"auto\"><\/div>\n<div dir=\"auto\">Para realizar los aportes por Transferencia Bancaria, los datos de la cuenta son:<\/div>\n<ul>\n<li dir=\"auto\">CBU \u2013 0110474920047411648951<\/li>\n<li dir=\"auto\">Alias &#8211; SUELO.PLUTON.BAR<\/li>\n<\/ul>\n<div dir=\"auto\"><\/div>\n<div dir=\"auto\">Para realizar los aportes a trav\u00e9s de la plataforma de pago, debe ingresar a<\/div>\n<div dir=\"auto\"><\/div>\n<div dir=\"auto\"><a href=\"https:\/\/adicus.mipago.coop\/\">https:\/\/adicus.mipago.coop\/<\/a><\/div>\n<div dir=\"auto\"><\/div>\n<div dir=\"auto\">ingresar el monto que quieras entregar y luego la plataforma le guia en las formas de pago.<\/div>\n<div dir=\"auto\"><\/div>\n<div dir=\"auto\">\u00a1Muchas gracias!<\/div>\n<div dir=\"auto\"><\/div>\n<div dir=\"auto\">#ADICUS #ElGremioUniversitario #COVID19 #FondoSolidarioADICUS<\/div>\n<\/div>\n<div dir=\"auto\"><\/div>\n<div dir=\"auto\"><img loading=\"lazy\" decoding=\"async\" class=\"alignnone wp-image-38248 size-full\" src=\"https:\/\/vocesparalelas.com.ar\/sitio\/wp-content\/uploads\/2021\/05\/ADICUS-AYUDA.jpg\" alt=\"\" width=\"800\" height=\"800\" srcset=\"https:\/\/vocesparalelas.com.ar\/sitio\/wp-content\/uploads\/2021\/05\/ADICUS-AYUDA.jpg 800w, https:\/\/vocesparalelas.com.ar\/sitio\/wp-content\/uploads\/2021\/05\/ADICUS-AYUDA-300x300.jpg 300w, https:\/\/vocesparalelas.com.ar\/sitio\/wp-content\/uploads\/2021\/05\/ADICUS-AYUDA-150x150.jpg 150w, https:\/\/vocesparalelas.com.ar\/sitio\/wp-content\/uploads\/2021\/05\/ADICUS-AYUDA-768x768.jpg 768w\" sizes=\"auto, (max-width: 800px) 100vw, 800px\" \/><\/div>\n","protected":false},"excerpt":{"rendered":"<p>Como es de p\u00fablico conocimiento, en San Juan estamos atravesando la segunda ola de contagios de COVID-19 y, cada vez,<\/p>\n","protected":false},"author":3,"featured_media":15835,"comment_status":"closed","ping_status":"closed","sticky":false,"template":"","format":"standard","meta":{"_acf_changed":false,"_seopress_robots_primary_cat":"none","_seopress_titles_title":"","_seopress_titles_desc":"","_seopress_robots_index":"","colormag_page_container_layout":"default_layout","colormag_page_sidebar_layout":"default_layout","footnotes":""},"categories":[2],"tags":[],"class_list":["post-38246","post","type-post","status-publish","format-standard","has-post-thumbnail","hentry","category-convocatorias"],"acf":[],"_links":{"self":[{"href":"https:\/\/vocesparalelas.com.ar\/sitio\/wp-json\/wp\/v2\/posts\/38246","targetHints":{"allow":["GET"]}}],"collection":[{"href":"https:\/\/vocesparalelas.com.ar\/sitio\/wp-json\/wp\/v2\/posts"}],"about":[{"href":"https:\/\/vocesparalelas.com.ar\/sitio\/wp-json\/wp\/v2\/types\/post"}],"author":[{"embeddable":true,"href":"https:\/\/vocesparalelas.com.ar\/sitio\/wp-json\/wp\/v2\/users\/3"}],"replies":[{"embeddable":true,"href":"https:\/\/vocesparalelas.com.ar\/sitio\/wp-json\/wp\/v2\/comments?post=38246"}],"version-history":[{"count":1,"href":"https:\/\/vocesparalelas.com.ar\/sitio\/wp-json\/wp\/v2\/posts\/38246\/revisions"}],"predecessor-version":[{"id":38249,"href":"https:\/\/vocesparalelas.com.ar\/sitio\/wp-json\/wp\/v2\/posts\/38246\/revisions\/38249"}],"wp:featuredmedia":[{"embeddable":true,"href":"https:\/\/vocesparalelas.com.ar\/sitio\/wp-json\/wp\/v2\/media\/15835"}],"wp:attachment":[{"href":"https:\/\/vocesparalelas.com.ar\/sitio\/wp-json\/wp\/v2\/media?parent=38246"}],"wp:term":[{"taxonomy":"category","embeddable":true,"href":"https:\/\/vocesparalelas.com.ar\/sitio\/wp-json\/wp\/v2\/categories?post=38246"},{"taxonomy":"post_tag","embeddable":true,"href":"https:\/\/vocesparalelas.com.ar\/sitio\/wp-json\/wp\/v2\/tags?post=38246"}],"curies":[{"name":"wp","href":"https:\/\/api.w.org\/{rel}","templated":true}]}}