{"id":38243,"date":"2021-05-31T20:05:52","date_gmt":"2021-05-31T23:05:52","guid":{"rendered":"http:\/\/vocesparalelas.com.ar\/sitio\/?p=38243"},"modified":"2021-05-31T20:15:00","modified_gmt":"2021-05-31T23:15:00","slug":"hay-novedades-sobre-vacunacion-para-integrantes-de-la-unsj","status":"publish","type":"post","link":"https:\/\/vocesparalelas.com.ar\/sitio\/hay-novedades-sobre-vacunacion-para-integrantes-de-la-unsj\/","title":{"rendered":"Hay novedades sobre vacunaci\u00f3n para integrantes de la UNSJ"},"content":{"rendered":"<p>En estos momentos, se lleva a cabo la sesi\u00f3n del Consejo Superior prevista para considerar, como punto central, el Protocolo COVID realizado con vistas a las pr\u00f3ximas elecciones generales del 10 de junio.<\/p>\n<p>En ese sentido, la directora de la Escuela de Ciencias de la Salud, Dra. Ana Naranjo, ante las consultas de varios consejeros y consejeras, inform\u00f3 que \u201cesta semana se retoman los hisopados para todos los universitarias con s\u00edntomas COVID: lunes y martes en Rectorado y mi\u00e9rcoles y jueves en el CUIM\u201d y que \u201cse est\u00e1n realizando gestiones en la provincia para que se incluya a la comunidad universitaria en los cronogramas de vacunaci\u00f3n a partir de la semana pr\u00f3xima\u201d.<\/p>\n<p>Otra iniciativa que surgi\u00f3 en los primeros momentos de la sesi\u00f3n motiv\u00f3 la decisi\u00f3n del cuerpo, a propuesta del presidente, Dr. Oscar Nasisi, de trabajar con la secretar\u00eda Administrativo Financiera para la creaci\u00f3n de un fondo de ayuda para asistir a los miembros de la comunidad universitaria que est\u00e9n atravesando la enfermedad con internaci\u00f3n domiciliaria y necesiten asistencia con ox\u00edgeno.<\/p>\n<p>&nbsp;<\/p>\n<p>&nbsp;<\/p>\n","protected":false},"excerpt":{"rendered":"<p>En estos momentos, se lleva a cabo la sesi\u00f3n del Consejo Superior prevista para considerar, como punto central, el Protocolo<\/p>\n","protected":false},"author":3,"featured_media":23399,"comment_status":"closed","ping_status":"closed","sticky":false,"template":"","format":"standard","meta":{"_acf_changed":false,"_seopress_robots_primary_cat":"none","_seopress_titles_title":"","_seopress_titles_desc":"","_seopress_robots_index":"","colormag_page_container_layout":"default_layout","colormag_page_sidebar_layout":"default_layout","footnotes":""},"categories":[1],"tags":[],"class_list":["post-38243","post","type-post","status-publish","format-standard","has-post-thumbnail","hentry","category-destacadas"],"acf":[],"_links":{"self":[{"href":"https:\/\/vocesparalelas.com.ar\/sitio\/wp-json\/wp\/v2\/posts\/38243","targetHints":{"allow":["GET"]}}],"collection":[{"href":"https:\/\/vocesparalelas.com.ar\/sitio\/wp-json\/wp\/v2\/posts"}],"about":[{"href":"https:\/\/vocesparalelas.com.ar\/sitio\/wp-json\/wp\/v2\/types\/post"}],"author":[{"embeddable":true,"href":"https:\/\/vocesparalelas.com.ar\/sitio\/wp-json\/wp\/v2\/users\/3"}],"replies":[{"embeddable":true,"href":"https:\/\/vocesparalelas.com.ar\/sitio\/wp-json\/wp\/v2\/comments?post=38243"}],"version-history":[{"count":1,"href":"https:\/\/vocesparalelas.com.ar\/sitio\/wp-json\/wp\/v2\/posts\/38243\/revisions"}],"predecessor-version":[{"id":38245,"href":"https:\/\/vocesparalelas.com.ar\/sitio\/wp-json\/wp\/v2\/posts\/38243\/revisions\/38245"}],"wp:featuredmedia":[{"embeddable":true,"href":"https:\/\/vocesparalelas.com.ar\/sitio\/wp-json\/wp\/v2\/media\/23399"}],"wp:attachment":[{"href":"https:\/\/vocesparalelas.com.ar\/sitio\/wp-json\/wp\/v2\/media?parent=38243"}],"wp:term":[{"taxonomy":"category","embeddable":true,"href":"https:\/\/vocesparalelas.com.ar\/sitio\/wp-json\/wp\/v2\/categories?post=38243"},{"taxonomy":"post_tag","embeddable":true,"href":"https:\/\/vocesparalelas.com.ar\/sitio\/wp-json\/wp\/v2\/tags?post=38243"}],"curies":[{"name":"wp","href":"https:\/\/api.w.org\/{rel}","templated":true}]}}