{"id":38234,"date":"2021-05-31T19:41:34","date_gmt":"2021-05-31T22:41:34","guid":{"rendered":"http:\/\/vocesparalelas.com.ar\/sitio\/?p=38234"},"modified":"2021-06-01T20:33:33","modified_gmt":"2021-06-01T23:33:33","slug":"comienzan-los-debates-de-candidatos-a-los-distintos-estamentos-de-la-unsj","status":"publish","type":"post","link":"https:\/\/vocesparalelas.com.ar\/sitio\/comienzan-los-debates-de-candidatos-a-los-distintos-estamentos-de-la-unsj\/","title":{"rendered":"Comienzan los debates de candidatos a los distintos estamentos de la UNSJ"},"content":{"rendered":"<p>En el actual contexto de pandemia por COVID- 19\u00a0y camino a las Elecciones Universitarias 2021, desde este martes 1\u00b0 de junio se desarrollar\u00e1n los debates de candidatos a trav\u00e9s de Xama Se\u00f1al UNSJ y Radio Universidad 93.1, bajo la coordinaci\u00f3n del Departamento de Ciencias Pol\u00edticas de la Facultad de Ciencias Sociales de la UNSJ.<\/p>\n<p><span style=\"color: #99cc00;\"><strong>Cronograma\u00a0<\/strong><\/span><\/p>\n<p><span style=\"color: #99cc00;\"><strong>Martes, 01 de Junio:\u00a0<\/strong><\/span><\/p>\n<ul>\n<li>18 horas: Candidatos al decanato de la Facultad de Filosof\u00eda, Humanidades y Artes.<\/li>\n<li>20 horas: Candidatos al decanato de la Facultad de Arquitectura, Urbanismo y Dise\u00f1o.<\/li>\n<\/ul>\n<p><img loading=\"lazy\" decoding=\"async\" class=\"alignnone wp-image-38238 size-full\" src=\"https:\/\/vocesparalelas.com.ar\/sitio\/wp-content\/uploads\/2021\/05\/DEBATE-DECANOS.jpg\" alt=\"\" width=\"800\" height=\"800\" \/><\/p>\n<p><span style=\"color: #99cc00;\"><strong>Mi\u00e9rcoles, 02 de Junio\u00a0<\/strong><\/span><\/p>\n<ul>\n<li>18 horas: candidatos al decanato de la Facultad de Ciencias Exactas, F\u00edsicas y Naturales.<\/li>\n<li>20 horas: candidatos al decanato de la Facultad de Ciencias Sociales.<\/li>\n<\/ul>\n<p><img loading=\"lazy\" decoding=\"async\" class=\"alignnone wp-image-38240 size-full\" src=\"https:\/\/vocesparalelas.com.ar\/sitio\/wp-content\/uploads\/2021\/05\/DEBATE-04.jpg\" alt=\"\" width=\"800\" height=\"800\" \/><\/p>\n<p><span style=\"color: #99cc00;\"><strong>Jueves, 03 de Junio<\/strong><\/span><\/p>\n<ul>\n<li>18 horas: candidatos a la direcci\u00f3n de la Escuela Universitaria de Ciencias de la Salud.<\/li>\n<li>20 horas: candidatos al decanato de la Facultad de Ingenier\u00eda.<\/li>\n<\/ul>\n<p><img loading=\"lazy\" decoding=\"async\" class=\"alignnone wp-image-38241 size-full\" src=\"https:\/\/vocesparalelas.com.ar\/sitio\/wp-content\/uploads\/2021\/05\/DEBATE-03.jpg\" alt=\"\" width=\"800\" height=\"800\" \/><\/p>\n<p><span style=\"color: #99cc00;\"><strong>Viernes, 04 de Junio<\/strong><\/span><\/p>\n<ul>\n<li>20 horas: candidatos a rector a la Universidad Nacional de San Juan.<\/li>\n<\/ul>\n<p><img loading=\"lazy\" decoding=\"async\" class=\"alignnone wp-image-38239 size-full\" src=\"https:\/\/vocesparalelas.com.ar\/sitio\/wp-content\/uploads\/2021\/05\/DEBATE-RECTOR.jpg\" alt=\"\" width=\"800\" height=\"789\" \/><\/p>\n<p><span style=\"color: #99cc00;\"><strong>Se pueden seguir la\u00a0transmisi\u00f3n por:<\/strong><\/span><\/p>\n<ul>\n<li>33.1 de la Televisi\u00f3n Digital Abierta TDA<\/li>\n<li>18 de IO Total<\/li>\n<li><a href=\"https:\/\/www.xama.tv\/\" target=\"_blank\" rel=\"noopener noreferrer\">www.xama.tv<\/a><\/li>\n<li>Canal de YouTube \u201c<a href=\"https:\/\/www.youtube.com\/channel\/UCCm8HrzziAQqROk_ZMFgerQ\" target=\"_blank\" rel=\"noopener noreferrer\">Xama Se\u00f1al UNSJ<\/a>\u201d<\/li>\n<li>Radio Universidad 93.1\u00a0<a href=\"https:\/\/radiounsj.com\/\" target=\"_blank\" rel=\"noopener noreferrer\">www.radiounsj.com<\/a><\/li>\n<\/ul>\n","protected":false},"excerpt":{"rendered":"<p>En el actual contexto de pandemia por COVID- 19\u00a0y camino a las Elecciones Universitarias 2021, desde este martes 1\u00b0 de<\/p>\n","protected":false},"author":3,"featured_media":37900,"comment_status":"closed","ping_status":"closed","sticky":false,"template":"","format":"standard","meta":{"_acf_changed":false,"_seopress_robots_primary_cat":"none","_seopress_titles_title":"","_seopress_titles_desc":"","_seopress_robots_index":"","colormag_page_container_layout":"default_layout","colormag_page_sidebar_layout":"default_layout","footnotes":""},"categories":[20],"tags":[],"class_list":["post-38234","post","type-post","status-publish","format-standard","has-post-thumbnail","hentry","category-cartelera"],"acf":[],"_links":{"self":[{"href":"https:\/\/vocesparalelas.com.ar\/sitio\/wp-json\/wp\/v2\/posts\/38234","targetHints":{"allow":["GET"]}}],"collection":[{"href":"https:\/\/vocesparalelas.com.ar\/sitio\/wp-json\/wp\/v2\/posts"}],"about":[{"href":"https:\/\/vocesparalelas.com.ar\/sitio\/wp-json\/wp\/v2\/types\/post"}],"author":[{"embeddable":true,"href":"https:\/\/vocesparalelas.com.ar\/sitio\/wp-json\/wp\/v2\/users\/3"}],"replies":[{"embeddable":true,"href":"https:\/\/vocesparalelas.com.ar\/sitio\/wp-json\/wp\/v2\/comments?post=38234"}],"version-history":[{"count":3,"href":"https:\/\/vocesparalelas.com.ar\/sitio\/wp-json\/wp\/v2\/posts\/38234\/revisions"}],"predecessor-version":[{"id":38242,"href":"https:\/\/vocesparalelas.com.ar\/sitio\/wp-json\/wp\/v2\/posts\/38234\/revisions\/38242"}],"wp:featuredmedia":[{"embeddable":true,"href":"https:\/\/vocesparalelas.com.ar\/sitio\/wp-json\/wp\/v2\/media\/37900"}],"wp:attachment":[{"href":"https:\/\/vocesparalelas.com.ar\/sitio\/wp-json\/wp\/v2\/media?parent=38234"}],"wp:term":[{"taxonomy":"category","embeddable":true,"href":"https:\/\/vocesparalelas.com.ar\/sitio\/wp-json\/wp\/v2\/categories?post=38234"},{"taxonomy":"post_tag","embeddable":true,"href":"https:\/\/vocesparalelas.com.ar\/sitio\/wp-json\/wp\/v2\/tags?post=38234"}],"curies":[{"name":"wp","href":"https:\/\/api.w.org\/{rel}","templated":true}]}}