{"id":38201,"date":"2021-05-29T11:33:20","date_gmt":"2021-05-29T14:33:20","guid":{"rendered":"http:\/\/vocesparalelas.com.ar\/sitio\/?p=38201"},"modified":"2021-05-31T22:01:23","modified_gmt":"2021-06-01T01:01:23","slug":"deben-presentar-factura-de-mayo-los-contratados-de-servicios-generales-y-personal-administrativo-2","status":"publish","type":"post","link":"https:\/\/vocesparalelas.com.ar\/sitio\/deben-presentar-factura-de-mayo-los-contratados-de-servicios-generales-y-personal-administrativo-2\/","title":{"rendered":"Deben presentar factura de Mayo los Contratados de Servicios Generales y personal administrativo"},"content":{"rendered":"<p>La Secretar\u00eda de Coordinaci\u00f3n Administrativa y Financiera del Ministerio de Educaci\u00f3n del Gobierno de San Juan informa que las personas bajo el r\u00e9gimen de Contratos Administrativos de Colaboraci\u00f3n para Tareas Administrativas y de Servicios Generales que poseen Contratos de Colaboraci\u00f3n, deben presentar facturas del mes de mayo, bajo estricto protocolo en el Centro C\u00edvico de acuerdo al siguiente cronograma:<\/p>\n<p><img loading=\"lazy\" decoding=\"async\" class=\"alignnone wp-image-38203 size-full\" src=\"https:\/\/vocesparalelas.com.ar\/sitio\/wp-content\/uploads\/2021\/05\/EDUCACION-MAYO.jpg\" alt=\"\" width=\"800\" height=\"480\" srcset=\"https:\/\/vocesparalelas.com.ar\/sitio\/wp-content\/uploads\/2021\/05\/EDUCACION-MAYO.jpg 800w, https:\/\/vocesparalelas.com.ar\/sitio\/wp-content\/uploads\/2021\/05\/EDUCACION-MAYO-300x180.jpg 300w, https:\/\/vocesparalelas.com.ar\/sitio\/wp-content\/uploads\/2021\/05\/EDUCACION-MAYO-768x461.jpg 768w\" sizes=\"auto, (max-width: 800px) 100vw, 800px\" \/><\/p>\n<p><span style=\"color: #339966;\"><strong>Contratados de Zonas Alejadas<\/strong><\/span><\/p>\n<p>Las personas contratadas que viven en los departamentos de Calingasta, Iglesia, J\u00e1chal y Valle F\u00e9rtil deber\u00e1n entregar la factura electr\u00f3nica impresa en un sobre en\u00a0la Unidad de Gesti\u00f3n correspondiente al departamento en el que est\u00e1 localizada la escuela en la que presta servicio de acuerdo al contrato.<\/p>\n<p>La factura tienen que ser electr\u00f3nicas y confeccionada de la siguiente manera:<\/p>\n<p><span style=\"color: #339966;\"><strong>Factura mes de mayo 2021:<\/strong><\/span><\/p>\n<p><span style=\"color: #339966;\"><strong>Fecha de emisi\u00f3n:<\/strong><\/span> 31\/05\/2021<\/p>\n<p><span style=\"color: #339966;\"><strong>Periodo facturado<\/strong>:<\/span> Desde el 01\/05\/2021 hasta el 31\/05\/2021.<\/p>\n<p><span style=\"color: #339966;\"><strong>Vencimiento:<\/strong><\/span> 30\/06\/2021<\/p>\n<p><span style=\"color: #339966;\"><strong>CUIT Gobierno de la provincia<\/strong>:<\/span> 30-99901516-2<\/p>\n<p><span style=\"color: #339966;\"><strong>Condici\u00f3n frente al IVA: <\/strong><\/span>IVA SUJETO EXENTO<\/p>\n<p><span style=\"color: #339966;\"><strong>Condici\u00f3n de venta<\/strong>:<\/span> OTRA<\/p>\n<p><span style=\"color: #339966;\"><strong>Detalle<\/strong>:<\/span> Pago de honorarios por Contrato Administrativo de Servicio de Colaboraci\u00f3n mes de MAYO de 2021.<\/p>\n<p><span style=\"color: #339966;\"><strong>Monto a facturar<\/strong>:<\/span> (PARA PORTEROS): FACTURA MES DE MAYO 2021 $16.702,00.-<\/p>\n<p><span style=\"color: #339966;\"><strong>Conformaci\u00f3n de factura:<\/strong> <\/span>al dorso de la factura, en la parte de atr\u00e1s, deber\u00e1 colocar lo siguiente:<\/p>\n<p>\u201cART\u00cdCULOS 6\u00b0 Y 11\u00ba LEY N\u00ba 793-A. CL\u00c1USULA CUARTA DEL CONTRATO ADMINISTRATIVO DE SERVICIOS DE COLABORACI\u00d3N\u201d.<\/p>\n<p>SAN JUAN, 31\/05\/2021.<\/p>\n<p>Con firma y sello del directivo<\/p>\n<p><span style=\"color: #339966;\"><strong>Presentaci\u00f3n de seguros generales<\/strong>:<\/span> con la firma y sello del directivo (es obligatoria su presentaci\u00f3n): constancia de pago del mes de mayo 2021 (fotocopia legible con datos del asegurado nombre y apellido, legalizada en el frente por el directivo). En caso de presentar el comprobante de pago emitido por el seguro, este debe tener fecha de mayo 2021. Sin excepci\u00f3n.<\/p>\n<p><span style=\"color: #339966;\"><strong>Contratados con funciones administrativas<\/strong><\/span><\/p>\n<p>Tienen que presentaran la factura en la oficina de personal administrativo con el monto correspondiente a cada contrato, desde el 31 de mayo al 4 de junio de 2021, en horario de 8:15 a 12:30 horas.<\/p>\n","protected":false},"excerpt":{"rendered":"<p>La Secretar\u00eda de Coordinaci\u00f3n Administrativa y Financiera del Ministerio de Educaci\u00f3n del Gobierno de San Juan informa que las personas<\/p>\n","protected":false},"author":3,"featured_media":37957,"comment_status":"closed","ping_status":"closed","sticky":false,"template":"","format":"standard","meta":{"_acf_changed":false,"_seopress_robots_primary_cat":"none","_seopress_titles_title":"","_seopress_titles_desc":"","_seopress_robots_index":"","colormag_page_container_layout":"default_layout","colormag_page_sidebar_layout":"default_layout","footnotes":""},"categories":[2],"tags":[],"class_list":["post-38201","post","type-post","status-publish","format-standard","has-post-thumbnail","hentry","category-convocatorias"],"acf":[],"_links":{"self":[{"href":"https:\/\/vocesparalelas.com.ar\/sitio\/wp-json\/wp\/v2\/posts\/38201","targetHints":{"allow":["GET"]}}],"collection":[{"href":"https:\/\/vocesparalelas.com.ar\/sitio\/wp-json\/wp\/v2\/posts"}],"about":[{"href":"https:\/\/vocesparalelas.com.ar\/sitio\/wp-json\/wp\/v2\/types\/post"}],"author":[{"embeddable":true,"href":"https:\/\/vocesparalelas.com.ar\/sitio\/wp-json\/wp\/v2\/users\/3"}],"replies":[{"embeddable":true,"href":"https:\/\/vocesparalelas.com.ar\/sitio\/wp-json\/wp\/v2\/comments?post=38201"}],"version-history":[{"count":1,"href":"https:\/\/vocesparalelas.com.ar\/sitio\/wp-json\/wp\/v2\/posts\/38201\/revisions"}],"predecessor-version":[{"id":38204,"href":"https:\/\/vocesparalelas.com.ar\/sitio\/wp-json\/wp\/v2\/posts\/38201\/revisions\/38204"}],"wp:featuredmedia":[{"embeddable":true,"href":"https:\/\/vocesparalelas.com.ar\/sitio\/wp-json\/wp\/v2\/media\/37957"}],"wp:attachment":[{"href":"https:\/\/vocesparalelas.com.ar\/sitio\/wp-json\/wp\/v2\/media?parent=38201"}],"wp:term":[{"taxonomy":"category","embeddable":true,"href":"https:\/\/vocesparalelas.com.ar\/sitio\/wp-json\/wp\/v2\/categories?post=38201"},{"taxonomy":"post_tag","embeddable":true,"href":"https:\/\/vocesparalelas.com.ar\/sitio\/wp-json\/wp\/v2\/tags?post=38201"}],"curies":[{"name":"wp","href":"https:\/\/api.w.org\/{rel}","templated":true}]}}