{"id":38190,"date":"2021-05-29T00:21:01","date_gmt":"2021-05-29T03:21:01","guid":{"rendered":"http:\/\/vocesparalelas.com.ar\/sitio\/?p=38190"},"modified":"2021-05-29T00:22:52","modified_gmt":"2021-05-29T03:22:52","slug":"continua-la-suspension-de-clases-presenciales-manteniendose-la-virtual-en-las-escuelas-de-san-juan","status":"publish","type":"post","link":"https:\/\/vocesparalelas.com.ar\/sitio\/continua-la-suspension-de-clases-presenciales-manteniendose-la-virtual-en-las-escuelas-de-san-juan\/","title":{"rendered":"Contin\u00faa la suspensi\u00f3n de clases presenciales manteni\u00e9ndose la virtual en las escuelas de San Juan"},"content":{"rendered":"<p>UDAP informa que por disposici\u00f3n del Gobierno de San Juan y por razones de la situaci\u00f3n \u00a0sanitaria resolvi\u00f3 suspender las actividades presenciales en todos las escuelas hasta el 11 de Junio en todos los niveles y modalidades tanto de gesti\u00f3n estatal como privada manteni\u00e9ndose la educaci\u00f3n virtual.<\/p>\n<p>&nbsp;<\/p>\n<p><img loading=\"lazy\" decoding=\"async\" class=\"alignnone wp-image-38192 size-full\" src=\"https:\/\/vocesparalelas.com.ar\/sitio\/wp-content\/uploads\/2021\/05\/UDAP-SUSPENSION.jpg\" alt=\"\" width=\"800\" height=\"988\" srcset=\"https:\/\/vocesparalelas.com.ar\/sitio\/wp-content\/uploads\/2021\/05\/UDAP-SUSPENSION.jpg 800w, https:\/\/vocesparalelas.com.ar\/sitio\/wp-content\/uploads\/2021\/05\/UDAP-SUSPENSION-243x300.jpg 243w, https:\/\/vocesparalelas.com.ar\/sitio\/wp-content\/uploads\/2021\/05\/UDAP-SUSPENSION-648x800.jpg 648w, https:\/\/vocesparalelas.com.ar\/sitio\/wp-content\/uploads\/2021\/05\/UDAP-SUSPENSION-768x948.jpg 768w\" sizes=\"auto, (max-width: 800px) 100vw, 800px\" \/><\/p>\n","protected":false},"excerpt":{"rendered":"<p>UDAP informa que por disposici\u00f3n del Gobierno de San Juan y por razones de la situaci\u00f3n \u00a0sanitaria resolvi\u00f3 suspender las<\/p>\n","protected":false},"author":3,"featured_media":5108,"comment_status":"closed","ping_status":"closed","sticky":false,"template":"","format":"standard","meta":{"_acf_changed":false,"_seopress_robots_primary_cat":"none","_seopress_titles_title":"","_seopress_titles_desc":"","_seopress_robots_index":"","colormag_page_container_layout":"default_layout","colormag_page_sidebar_layout":"default_layout","footnotes":""},"categories":[1],"tags":[],"class_list":["post-38190","post","type-post","status-publish","format-standard","has-post-thumbnail","hentry","category-destacadas"],"acf":[],"_links":{"self":[{"href":"https:\/\/vocesparalelas.com.ar\/sitio\/wp-json\/wp\/v2\/posts\/38190","targetHints":{"allow":["GET"]}}],"collection":[{"href":"https:\/\/vocesparalelas.com.ar\/sitio\/wp-json\/wp\/v2\/posts"}],"about":[{"href":"https:\/\/vocesparalelas.com.ar\/sitio\/wp-json\/wp\/v2\/types\/post"}],"author":[{"embeddable":true,"href":"https:\/\/vocesparalelas.com.ar\/sitio\/wp-json\/wp\/v2\/users\/3"}],"replies":[{"embeddable":true,"href":"https:\/\/vocesparalelas.com.ar\/sitio\/wp-json\/wp\/v2\/comments?post=38190"}],"version-history":[{"count":1,"href":"https:\/\/vocesparalelas.com.ar\/sitio\/wp-json\/wp\/v2\/posts\/38190\/revisions"}],"predecessor-version":[{"id":38193,"href":"https:\/\/vocesparalelas.com.ar\/sitio\/wp-json\/wp\/v2\/posts\/38190\/revisions\/38193"}],"wp:featuredmedia":[{"embeddable":true,"href":"https:\/\/vocesparalelas.com.ar\/sitio\/wp-json\/wp\/v2\/media\/5108"}],"wp:attachment":[{"href":"https:\/\/vocesparalelas.com.ar\/sitio\/wp-json\/wp\/v2\/media?parent=38190"}],"wp:term":[{"taxonomy":"category","embeddable":true,"href":"https:\/\/vocesparalelas.com.ar\/sitio\/wp-json\/wp\/v2\/categories?post=38190"},{"taxonomy":"post_tag","embeddable":true,"href":"https:\/\/vocesparalelas.com.ar\/sitio\/wp-json\/wp\/v2\/tags?post=38190"}],"curies":[{"name":"wp","href":"https:\/\/api.w.org\/{rel}","templated":true}]}}