{"id":38185,"date":"2021-05-29T00:07:00","date_gmt":"2021-05-29T03:07:00","guid":{"rendered":"http:\/\/vocesparalelas.com.ar\/sitio\/?p=38185"},"modified":"2021-05-30T14:18:50","modified_gmt":"2021-05-30T17:18:50","slug":"vacunacion-para-los-docentes-del-nivel-superior-y-administrativos-de-escuelas-de-san-juan","status":"publish","type":"post","link":"https:\/\/vocesparalelas.com.ar\/sitio\/vacunacion-para-los-docentes-del-nivel-superior-y-administrativos-de-escuelas-de-san-juan\/","title":{"rendered":"Vacunaci\u00f3n para los docentes del Nivel Superior y administrativos de escuelas de San Juan"},"content":{"rendered":"<p>El Ministerio de Salud P\u00fablica del Gobierno de San Juan informa que el S\u00e1bado, 28 de Mayo, comienza la inscripci\u00f3n para la vacunaci\u00f3n contra el COVID-19 para<\/p>\n<ul>\n<li>Auxiliares y administrativos sin contacto con estudiantes de los establecimientos educativos de todos los niveles \u00a0de Educaci\u00f3n Obligatoria P\u00fablica y Privada<\/li>\n<li>Docentes y no docentes de los institutos de educaci\u00f3n superior no universitaria.<\/li>\n<\/ul>\n<p>La vacunaci\u00f3n comienza el Lunes, 31 de Mayo.<\/p>\n<p>&nbsp;<\/p>\n<p><img loading=\"lazy\" decoding=\"async\" class=\"alignnone wp-image-38188 size-full\" src=\"https:\/\/vocesparalelas.com.ar\/sitio\/wp-content\/uploads\/2021\/05\/VACU-VARIOS.jpg\" alt=\"\" width=\"650\" height=\"1024\" \/><\/p>\n","protected":false},"excerpt":{"rendered":"<p>El Ministerio de Salud P\u00fablica del Gobierno de San Juan informa que el S\u00e1bado, 28 de Mayo, comienza la inscripci\u00f3n<\/p>\n","protected":false},"author":3,"featured_media":3895,"comment_status":"closed","ping_status":"closed","sticky":false,"template":"","format":"standard","meta":{"_acf_changed":false,"_seopress_robots_primary_cat":"none","_seopress_titles_title":"","_seopress_titles_desc":"","_seopress_robots_index":"","colormag_page_container_layout":"default_layout","colormag_page_sidebar_layout":"default_layout","footnotes":""},"categories":[6],"tags":[],"class_list":["post-38185","post","type-post","status-publish","format-standard","has-post-thumbnail","hentry","category-eventos"],"acf":[],"_links":{"self":[{"href":"https:\/\/vocesparalelas.com.ar\/sitio\/wp-json\/wp\/v2\/posts\/38185","targetHints":{"allow":["GET"]}}],"collection":[{"href":"https:\/\/vocesparalelas.com.ar\/sitio\/wp-json\/wp\/v2\/posts"}],"about":[{"href":"https:\/\/vocesparalelas.com.ar\/sitio\/wp-json\/wp\/v2\/types\/post"}],"author":[{"embeddable":true,"href":"https:\/\/vocesparalelas.com.ar\/sitio\/wp-json\/wp\/v2\/users\/3"}],"replies":[{"embeddable":true,"href":"https:\/\/vocesparalelas.com.ar\/sitio\/wp-json\/wp\/v2\/comments?post=38185"}],"version-history":[{"count":1,"href":"https:\/\/vocesparalelas.com.ar\/sitio\/wp-json\/wp\/v2\/posts\/38185\/revisions"}],"predecessor-version":[{"id":38189,"href":"https:\/\/vocesparalelas.com.ar\/sitio\/wp-json\/wp\/v2\/posts\/38185\/revisions\/38189"}],"wp:featuredmedia":[{"embeddable":true,"href":"https:\/\/vocesparalelas.com.ar\/sitio\/wp-json\/wp\/v2\/media\/3895"}],"wp:attachment":[{"href":"https:\/\/vocesparalelas.com.ar\/sitio\/wp-json\/wp\/v2\/media?parent=38185"}],"wp:term":[{"taxonomy":"category","embeddable":true,"href":"https:\/\/vocesparalelas.com.ar\/sitio\/wp-json\/wp\/v2\/categories?post=38185"},{"taxonomy":"post_tag","embeddable":true,"href":"https:\/\/vocesparalelas.com.ar\/sitio\/wp-json\/wp\/v2\/tags?post=38185"}],"curies":[{"name":"wp","href":"https:\/\/api.w.org\/{rel}","templated":true}]}}