{"id":38177,"date":"2021-05-28T21:32:17","date_gmt":"2021-05-29T00:32:17","guid":{"rendered":"http:\/\/vocesparalelas.com.ar\/sitio\/?p=38177"},"modified":"2021-05-29T11:53:10","modified_gmt":"2021-05-29T14:53:10","slug":"taller-de-creacion-de-inventos-para-adolescentes-de-entre-15-y-18-anos","status":"publish","type":"post","link":"https:\/\/vocesparalelas.com.ar\/sitio\/taller-de-creacion-de-inventos-para-adolescentes-de-entre-15-y-18-anos\/","title":{"rendered":"Taller de creaci\u00f3n de inventos para adolescentes de entre 15 y 18 a\u00f1os"},"content":{"rendered":"<p>El taller de creaci\u00f3n de inventos que puede cambiar el mundo, mi mundo, nuestro mundo \u201cCon nuestras manos\u201d es un taller online en tiempo real, latinoamericano, en el que se propone a adolescentes de entre 15 y 18 a\u00f1os una invitaci\u00f3n a idear, prototipar o crear proyectos que puedan tener impacto en la vida de los participantes.<\/p>\n<p>Durante los encuentros, los talleristas junto a sus pares, apoyados por tutores,<\/p>\n<ul>\n<li>detectan necesidades;<\/li>\n<li>buscan la informaci\u00f3n que requieran;<\/li>\n<li>observan y analizan creaciones;<\/li>\n<li>dise\u00f1an, simulan y elaboran prototipos;<\/li>\n<li>refinan sus dise\u00f1os;<\/li>\n<li>comparten sus propuestas con otros;<\/li>\n<li>reflexionan junto a sus pares y tutores o mentores;<\/li>\n<li>modifican sus proyectos, para, finalmente; tener una propuesta que pueda cambiar su mundo a nivel de idea o en el mundo.<\/li>\n<\/ul>\n<p>Las creaciones pueden ser variadas y constituir piezas o intervenciones art\u00edsticas, de tecnolog\u00eda digital, multimedial o de objetos. Todas las ideas y creaciones producidas ser\u00e1n propiedad de sus creadores.<\/p>\n<p>El taller se desarrolla durante seis semanas a partir del 7 de Junio con reuniones semanales los Lunes en el siguiente horario:<\/p>\n<ul>\n<li>18 hrs. Argentina;<\/li>\n<li>17 hrs. Chile;<\/li>\n<li>16 hrs. Colombia;<\/li>\n<li>15 hrs. Guatemala.<\/li>\n<\/ul>\n<p>Cada encuentro tienen una duraci\u00f3n de 90 minutos.<\/p>\n<p>Para la participaci\u00f3n se requiere conexi\u00f3n a internet y webcam.<\/p>\n<p>La actividad es gratuita y sostenida gracias al apoyo de profesionales voluntarios.<\/p>\n<p>Contacto WhatsApp: +542645299930<\/p>\n<p>Accede al formulario de preinscripci\u00f3n<\/p>\n<p><a href=\"https:\/\/docs.google.com\/forms\/d\/e\/1FAIpQLSeHa1Z6LENcYm_TAuACrEo8_V-3MPA1kbfWAuXuBLma01DAbw\/viewform\">https:\/\/docs.google.com\/forms\/d\/e\/1FAIpQLSeHa1Z6LENcYm_TAuACrEo8_V-3MPA1kbfWAuXuBLma01DAbw\/viewform<\/a><\/p>\n<p>Para inscribirte, es contactado por los organizadores, quienes te brindan mayor informaci\u00f3n al respecto.<\/p>\n<p><strong><span style=\"color: #808000;\">M\u00e1s informaci\u00f3n en el sitio web de Los Cofedidores<\/span><\/strong><\/p>\n<p><a href=\"http:\/\/www.loscofedidores.com\/\">http:\/\/www.loscofedidores.com\/<\/a><\/p>\n<p>&nbsp;<\/p>\n<p>&nbsp;<\/p>\n<p>&nbsp;<\/p>\n","protected":false},"excerpt":{"rendered":"<p>El taller de creaci\u00f3n de inventos que puede cambiar el mundo, mi mundo, nuestro mundo \u201cCon nuestras manos\u201d es un<\/p>\n","protected":false},"author":3,"featured_media":38179,"comment_status":"closed","ping_status":"closed","sticky":false,"template":"","format":"standard","meta":{"_acf_changed":false,"_seopress_robots_primary_cat":"none","_seopress_titles_title":"","_seopress_titles_desc":"","_seopress_robots_index":"","colormag_page_container_layout":"default_layout","colormag_page_sidebar_layout":"default_layout","footnotes":""},"categories":[9],"tags":[],"class_list":["post-38177","post","type-post","status-publish","format-standard","has-post-thumbnail","hentry","category-cursos"],"acf":[],"_links":{"self":[{"href":"https:\/\/vocesparalelas.com.ar\/sitio\/wp-json\/wp\/v2\/posts\/38177","targetHints":{"allow":["GET"]}}],"collection":[{"href":"https:\/\/vocesparalelas.com.ar\/sitio\/wp-json\/wp\/v2\/posts"}],"about":[{"href":"https:\/\/vocesparalelas.com.ar\/sitio\/wp-json\/wp\/v2\/types\/post"}],"author":[{"embeddable":true,"href":"https:\/\/vocesparalelas.com.ar\/sitio\/wp-json\/wp\/v2\/users\/3"}],"replies":[{"embeddable":true,"href":"https:\/\/vocesparalelas.com.ar\/sitio\/wp-json\/wp\/v2\/comments?post=38177"}],"version-history":[{"count":1,"href":"https:\/\/vocesparalelas.com.ar\/sitio\/wp-json\/wp\/v2\/posts\/38177\/revisions"}],"predecessor-version":[{"id":38180,"href":"https:\/\/vocesparalelas.com.ar\/sitio\/wp-json\/wp\/v2\/posts\/38177\/revisions\/38180"}],"wp:featuredmedia":[{"embeddable":true,"href":"https:\/\/vocesparalelas.com.ar\/sitio\/wp-json\/wp\/v2\/media\/38179"}],"wp:attachment":[{"href":"https:\/\/vocesparalelas.com.ar\/sitio\/wp-json\/wp\/v2\/media?parent=38177"}],"wp:term":[{"taxonomy":"category","embeddable":true,"href":"https:\/\/vocesparalelas.com.ar\/sitio\/wp-json\/wp\/v2\/categories?post=38177"},{"taxonomy":"post_tag","embeddable":true,"href":"https:\/\/vocesparalelas.com.ar\/sitio\/wp-json\/wp\/v2\/tags?post=38177"}],"curies":[{"name":"wp","href":"https:\/\/api.w.org\/{rel}","templated":true}]}}