{"id":38169,"date":"2021-05-28T19:38:41","date_gmt":"2021-05-28T22:38:41","guid":{"rendered":"http:\/\/vocesparalelas.com.ar\/sitio\/?p=38169"},"modified":"2021-05-29T20:35:55","modified_gmt":"2021-05-29T23:35:55","slug":"se-implementan-nuevas-medidas-sanitarias-en-san-juan","status":"publish","type":"post","link":"https:\/\/vocesparalelas.com.ar\/sitio\/se-implementan-nuevas-medidas-sanitarias-en-san-juan\/","title":{"rendered":"Se implementan nuevas medidas sanitarias en San Juan"},"content":{"rendered":"<p>En virtud de la situaci\u00f3n sanitaria actual y apelando a la responsabilidad de los sanjuaninos para prevenir el aumento de contagios de coronavirus, el Gobierno de San Juan anuncia nuevas medidas que ser\u00e1n implementadas a partir del lunes 31 de mayo de 2021.<\/p>\n<p>El Gobierno de San Juan informa que, una vez cumplida la primera etapa del Decreto de Necesidad y Urgencia Nacional N\u00ba 2021-334-APN-PTE, a la que la Provincia adhiri\u00f3 oportunamente, a partir del pr\u00f3ximo lunes 31 de mayo y hasta el 11 de junio de 2021 se disponen nuevas medidas con el fin de continuar reforzando la lucha contra la pandemia de COVID-19.<\/p>\n<p>Dicha adhesi\u00f3n, a trav\u00e9s de la Ley de Necesidad y Urgencia N\u00b0 2238 P, incluye\u00a0retornar a las medidas de confinamiento estricto para los d\u00edas 5 y 6 de junio de 2021.<\/p>\n<p>Se destaca que la continuidad de las medidas anunciadas ser\u00e1 analizada nuevamente por el Comit\u00e9 COVID-19 de la Provincia de San Juan.<\/p>\n<p><strong><span style=\"color: #ff0000;\">Medidas del 31 de mayo al 4 de junio de 2021 y desde el lunes 7 de junio al viernes 11, para toda la Provincia de San Juan<\/span><\/strong><\/p>\n<ul>\n<li>Se dispone la restricci\u00f3n para circular en todo el territorio de la Provincia en horario de 00:00 a 06:00 horas desde el d\u00eda 31 de mayo de 2021, hasta el d\u00eda 4 de junio inclusive, y del lunes 7 al viernes 11 de junio inclusive, exceptuando los d\u00edas 5 y 6 de junio que se rigen seg\u00fan LNU N\u00b0 2238 P.<\/li>\n<li><span style=\"line-height: 1.5;\">Educaci\u00f3n: se suspenden las actividades presenciales en los establecimientos educativos de todos los niveles y modalidades del Sistema Educativo Provincial, tom\u00e1ndose \u00fanicamente la modalidad virtual como v\u00e1lida.<\/span><\/li>\n<li><span style=\"line-height: 1.5;\">El transporte p\u00fablico se encuentra habilitado solo para pasajeros sentados, y con ventanillas abiertas favoreciendo la circulaci\u00f3n cruzada.<\/span><\/li>\n<li><span style=\"line-height: 1.5;\">Administraci\u00f3n P\u00fablica: horario de atenci\u00f3n de 8 a 19 hs. El personal de la administraci\u00f3n p\u00fablica deber\u00e1 ser dispuesto en burbujas separadas, garantizando el distanciamiento social y el cumplimiento de protocolos.<\/span><\/li>\n<li><span style=\"line-height: 1.5;\">Supermercados, farmacias, ferreter\u00edas y resto de comercios esenciales seg\u00fan DNU 297\/2020: horario de atenci\u00f3n de 9 a 20 hs. de manera continua o discontinua. Factor ocupaci\u00f3n dentro de los locales comerciales: 30%, 1 persona por grupo familiar.<\/span><\/li>\n<li><span style=\"line-height: 1.5;\">Shoppings y galer\u00edas comerciales: habilitados de lunes a viernes, con horario de 9 a 20 hs., con factor de ocupaci\u00f3n de hasta el 30%, 1 persona por grupo familiar.<\/span><\/li>\n<li><span style=\"line-height: 1.5;\">Resto de comercios: horario de atenci\u00f3n de 9 a 20 hs. de manera continua o discontinua. 30% factor ocupaci\u00f3n, 1 persona por grupo familiar.<\/span><\/li>\n<li><span style=\"line-height: 1.5;\">Mercado Concentrador de Rawson y Capital: 1 persona por grupo familiar. Habilitado en horario de 14 a 18 hs.<\/span><\/li>\n<li><span style=\"line-height: 1.5;\">Restoranes, caf\u00e9s y bares: 30% factor ocupaci\u00f3n, 4 personas por mesa, 2 metros de distancia entre mesas. Horarios autorizados: de 7 a 23 hs. para ingreso de personas, 00 hs. cierre total.<\/span><\/li>\n<li><span style=\"line-height: 1.5;\">Cultos: se suspenden todas las actividades comunitarias, a excepci\u00f3n de la celebraci\u00f3n m\u00e1s importante de cada culto. Solo se permite la asistencia de hasta 30% de capacidad o 20 personas como m\u00e1ximo, respetando la distancia social de 2 metros.<\/span><\/li>\n<li><span style=\"line-height: 1.5;\">Se encuentran suspendidas las actividades en casinos, salas de juego, bingos.<\/span><\/li>\n<li><span style=\"line-height: 1.5;\">Suspensi\u00f3n de todo tipo de eventos gastron\u00f3micos, sociales y culturales.<\/span><\/li>\n<li><span style=\"line-height: 1.5;\">Las reuniones sociales se encuentran prohibidas.<\/span><\/li>\n<li><span style=\"line-height: 1.5;\">Se encuentran habilitadas las reuniones familiares de hasta 8 personas en domicilios particulares.<\/span><\/li>\n<li><span style=\"line-height: 1.5;\">Se reactiva la obra p\u00fablica y privada, en horario de 8 a 19 hs.<\/span><\/li>\n<li><span style=\"line-height: 1.5;\">Industria: habilitada en horario de 8 a 19 hs., salvo aquellas de proceso continuo, con estricto cumplimiento de protocolo.<\/span><\/li>\n<li><span style=\"line-height: 1.5;\">Habilitaci\u00f3n de pr\u00e1ctica deportiva de deportistas del Programa de Alto Rendimiento.<\/span><\/li>\n<li><span style=\"line-height: 1.5;\">Clubes sociales, federados y amateurs contin\u00faan cerrados.<\/span><\/li>\n<li><span style=\"line-height: 1.5;\">Habilitaci\u00f3n de deportes recreativos al aire libre, de 9 a 20 hs, en espacios p\u00fablicos y circuitos establecidos, en grupos de no m\u00e1s de 2 personas<\/span><\/li>\n<li><span style=\"line-height: 1.5;\">Habilitaci\u00f3n de pr\u00e1ctica deportiva de deportistas profesionales autorizados por Resoluci\u00f3n del Ministerio de Turismo y Deportes de la Naci\u00f3n.<\/span><\/li>\n<li><span style=\"line-height: 1.5;\">Habilitaci\u00f3n de actividades deportivas comerciales, de 9 a 20 hs.:<\/span><\/li>\n<\/ul>\n<ol>\n<li>Gimnasios: al 30% del factor ocupacional, con estricto protocolo. Horario exclusivo para adultos mayores y personas con enfermedades de riesgo.<\/li>\n<li>Piletas de nataci\u00f3n: con l\u00edmite de personas por andarivel, sin p\u00fablico.<\/li>\n<li>Canchas de f\u00fatbol 5: hasta 10 personas por cancha, por turno y sin p\u00fablico.<\/li>\n<li>Canchas de p\u00e1del: m\u00e1ximo de 4 personas por turno, por cancha, 20 minutos de desinfecci\u00f3n entre turno y turno. Sin p\u00fablico.<\/li>\n<\/ol>\n<p><strong><span style=\"color: #ff0000;\">En ninguna actividad deportiva comercial habilitada se podr\u00e1 realizar competencias.<\/span><\/strong><\/p>\n<ul>\n<li>Servicios f\u00fanebres de personas no fallecidas por COVID: domingo a lunes, de 8 a 20 hs. M\u00e1ximo 5 personas del c\u00edrculo \u00edntimo y duraci\u00f3n m\u00e1xima de 5 hs.<\/li>\n<li><span style=\"line-height: 1.5;\">Contin\u00faan suspendidas las actividades masivas, los espect\u00e1culos masivos, las reuniones sociales masivas. Tambi\u00e9n se mantienen suspendidos los viajes grupales de todo tipo.<\/span><\/li>\n<\/ul>\n<h3><strong><span style=\"color: #ff0000;\">Control y concientizaci\u00f3n<\/span><\/strong><\/h3>\n<p>La Polic\u00eda de San Juan y los equipos de control de los diferentes ministerios y municipalidades van a estar trabajando para garantizar que se respeten cada una de estas medidas y los protocolos vigentes.<\/p>\n<p>&nbsp;<\/p>\n<p>&nbsp;<\/p>\n<p>&nbsp;<\/p>\n<p>&nbsp;<\/p>\n","protected":false},"excerpt":{"rendered":"<p>En virtud de la situaci\u00f3n sanitaria actual y apelando a la responsabilidad de los sanjuaninos para prevenir el aumento de<\/p>\n","protected":false},"author":3,"featured_media":1245,"comment_status":"closed","ping_status":"closed","sticky":false,"template":"","format":"standard","meta":{"_acf_changed":false,"_seopress_robots_primary_cat":"none","_seopress_titles_title":"","_seopress_titles_desc":"","_seopress_robots_index":"","colormag_page_container_layout":"default_layout","colormag_page_sidebar_layout":"default_layout","footnotes":""},"categories":[6],"tags":[],"class_list":["post-38169","post","type-post","status-publish","format-standard","has-post-thumbnail","hentry","category-eventos"],"acf":[],"_links":{"self":[{"href":"https:\/\/vocesparalelas.com.ar\/sitio\/wp-json\/wp\/v2\/posts\/38169","targetHints":{"allow":["GET"]}}],"collection":[{"href":"https:\/\/vocesparalelas.com.ar\/sitio\/wp-json\/wp\/v2\/posts"}],"about":[{"href":"https:\/\/vocesparalelas.com.ar\/sitio\/wp-json\/wp\/v2\/types\/post"}],"author":[{"embeddable":true,"href":"https:\/\/vocesparalelas.com.ar\/sitio\/wp-json\/wp\/v2\/users\/3"}],"replies":[{"embeddable":true,"href":"https:\/\/vocesparalelas.com.ar\/sitio\/wp-json\/wp\/v2\/comments?post=38169"}],"version-history":[{"count":1,"href":"https:\/\/vocesparalelas.com.ar\/sitio\/wp-json\/wp\/v2\/posts\/38169\/revisions"}],"predecessor-version":[{"id":38171,"href":"https:\/\/vocesparalelas.com.ar\/sitio\/wp-json\/wp\/v2\/posts\/38169\/revisions\/38171"}],"wp:featuredmedia":[{"embeddable":true,"href":"https:\/\/vocesparalelas.com.ar\/sitio\/wp-json\/wp\/v2\/media\/1245"}],"wp:attachment":[{"href":"https:\/\/vocesparalelas.com.ar\/sitio\/wp-json\/wp\/v2\/media?parent=38169"}],"wp:term":[{"taxonomy":"category","embeddable":true,"href":"https:\/\/vocesparalelas.com.ar\/sitio\/wp-json\/wp\/v2\/categories?post=38169"},{"taxonomy":"post_tag","embeddable":true,"href":"https:\/\/vocesparalelas.com.ar\/sitio\/wp-json\/wp\/v2\/tags?post=38169"}],"curies":[{"name":"wp","href":"https:\/\/api.w.org\/{rel}","templated":true}]}}