{"id":38163,"date":"2021-05-28T18:37:39","date_gmt":"2021-05-28T21:37:39","guid":{"rendered":"http:\/\/vocesparalelas.com.ar\/sitio\/?p=38163"},"modified":"2021-05-29T00:45:57","modified_gmt":"2021-05-29T03:45:57","slug":"cronograma-de-pago-del-sueldo-de-mayo-para-el-personal-de-la-administracion-publica-de-san-juan","status":"publish","type":"post","link":"https:\/\/vocesparalelas.com.ar\/sitio\/cronograma-de-pago-del-sueldo-de-mayo-para-el-personal-de-la-administracion-publica-de-san-juan\/","title":{"rendered":"Cronograma de pago del sueldo de Mayo para el personal de la Administraci\u00f3n P\u00fablica de San Juan"},"content":{"rendered":"<p>Con el objetivo de disponibilizar los sueldos del mes de mayo manteniendo el distanciamiento social y cuidando la salud de la poblaci\u00f3n de San Juan, los haberes de los agentes p\u00fablicos estar\u00e1n disponibles en los cajeros seg\u00fan el siguiente calendario:<\/p>\n<ul>\n<li>Agentes de Salud y Seguridad : lunes 31 de mayo<\/li>\n<li>Documentos terminados en 0, 1 y 2: martes 01 de junio<\/li>\n<li>Documentos terminados en 3, 4 y 5: mi\u00e9rcoles 02 de junio<\/li>\n<li>Documentos terminados en 6, 7, 8 y 9: jueves 03 de junio<\/li>\n<\/ul>\n<p>Los haberes adem\u00e1s del 30% de aumento abonado en el mes de marzo, incluyen el 7% previsto para el mes de mayo. Los pr\u00f3ximos ser\u00e1n el 6% en el mes de julio y el 7% de aumento en octubre hasta completar el 50% acordado en paritarias 2021.<\/p>\n<p>Asimismo, se recuerda que los cajeros autom\u00e1ticos funcionan las 24 horas, por lo que se solicita evitar horarios y cajeros con gran afluencia de p\u00fablico, no asistir acompa\u00f1ados, usar tapabocas, mantener dos metros de distancia entre personas y desinfectar las manos luego del uso de cajeros y manipulaci\u00f3n de dinero.<\/p>\n<p>Tambi\u00e9n se solicita a la poblaci\u00f3n tener presente que est\u00e1n vigentes las extracciones con tarjeta de d\u00e9bito en los principales supermercados y estaciones de servicio de la provincia, entre otros comercios identificados con el logo de Visa &#8211; Extra cash.<\/p>\n<p>La forma m\u00e1s eficaz de luchar contra la pandemia es con la colaboraci\u00f3n y la responsabilidad de todos los sanjuaninos y sanjuaninas.<\/p>\n","protected":false},"excerpt":{"rendered":"<p>Con el objetivo de disponibilizar los sueldos del mes de mayo manteniendo el distanciamiento social y cuidando la salud de<\/p>\n","protected":false},"author":3,"featured_media":5039,"comment_status":"closed","ping_status":"closed","sticky":false,"template":"","format":"standard","meta":{"_acf_changed":false,"_seopress_robots_primary_cat":"none","_seopress_titles_title":"","_seopress_titles_desc":"","_seopress_robots_index":"","colormag_page_container_layout":"default_layout","colormag_page_sidebar_layout":"default_layout","footnotes":""},"categories":[6],"tags":[],"class_list":["post-38163","post","type-post","status-publish","format-standard","has-post-thumbnail","hentry","category-eventos"],"acf":[],"_links":{"self":[{"href":"https:\/\/vocesparalelas.com.ar\/sitio\/wp-json\/wp\/v2\/posts\/38163","targetHints":{"allow":["GET"]}}],"collection":[{"href":"https:\/\/vocesparalelas.com.ar\/sitio\/wp-json\/wp\/v2\/posts"}],"about":[{"href":"https:\/\/vocesparalelas.com.ar\/sitio\/wp-json\/wp\/v2\/types\/post"}],"author":[{"embeddable":true,"href":"https:\/\/vocesparalelas.com.ar\/sitio\/wp-json\/wp\/v2\/users\/3"}],"replies":[{"embeddable":true,"href":"https:\/\/vocesparalelas.com.ar\/sitio\/wp-json\/wp\/v2\/comments?post=38163"}],"version-history":[{"count":1,"href":"https:\/\/vocesparalelas.com.ar\/sitio\/wp-json\/wp\/v2\/posts\/38163\/revisions"}],"predecessor-version":[{"id":38165,"href":"https:\/\/vocesparalelas.com.ar\/sitio\/wp-json\/wp\/v2\/posts\/38163\/revisions\/38165"}],"wp:featuredmedia":[{"embeddable":true,"href":"https:\/\/vocesparalelas.com.ar\/sitio\/wp-json\/wp\/v2\/media\/5039"}],"wp:attachment":[{"href":"https:\/\/vocesparalelas.com.ar\/sitio\/wp-json\/wp\/v2\/media?parent=38163"}],"wp:term":[{"taxonomy":"category","embeddable":true,"href":"https:\/\/vocesparalelas.com.ar\/sitio\/wp-json\/wp\/v2\/categories?post=38163"},{"taxonomy":"post_tag","embeddable":true,"href":"https:\/\/vocesparalelas.com.ar\/sitio\/wp-json\/wp\/v2\/tags?post=38163"}],"curies":[{"name":"wp","href":"https:\/\/api.w.org\/{rel}","templated":true}]}}