{"id":38159,"date":"2021-05-27T23:04:15","date_gmt":"2021-05-28T02:04:15","guid":{"rendered":"http:\/\/vocesparalelas.com.ar\/sitio\/?p=38159"},"modified":"2021-05-27T23:04:15","modified_gmt":"2021-05-28T02:04:15","slug":"avanza-el-proyecto-de-ley-de-ciencia-tecnologia-e-innovacion-de-san-juan","status":"publish","type":"post","link":"https:\/\/vocesparalelas.com.ar\/sitio\/avanza-el-proyecto-de-ley-de-ciencia-tecnologia-e-innovacion-de-san-juan\/","title":{"rendered":"Avanza el proyecto de Ley de Ciencia, Tecnolog\u00eda e Innovaci\u00f3n de San Juan"},"content":{"rendered":"<p>Los encuentros se vienen manteniendo con funcionarios nacionales a cargo de las gestiones de organismos de Ciencia y Tecnolog\u00eda, para incorporar algunas miradas estrat\u00e9gicas que desde estos organismos pueden nutrir el ante proyecto de Ley de Ciencia, Tecnolog\u00eda e Innovaci\u00f3n que en breve ser\u00e1 presentado ante la Honorable C\u00e1mara de Diputados de la Provincia de San Juan.<\/p>\n<p>Estas reuniones permiten realizar intercambios fruct\u00edferos en un sentido estrat\u00e9gico y federal de modo de encontrar complementariedades y coordinaci\u00f3n de agendas futuras, alentados por el mandato del Gobernador Sergio U\u00f1ac, quien propicia la b\u00fasqueda de sinergias entre las diferentes instituciones para avanzar en el desarrollo socio-productivo local.<\/p>\n<p>El Consejo Federal de Inversiones est\u00e1 acompa\u00f1ando este proceso de manera cercana.<\/p>\n<p>Se avanza con la misi\u00f3n de sentar las bases legislativas para impulsar y desarrollar la ciencia, la tecnolog\u00eda y la innovaci\u00f3n, vinculada a los sectores productivos locales y comprometida con el desarrollo del capital humano de cara a los desaf\u00edos que el Siglo XXI nos presenta para lograr m\u00e1s desarrollo social y productivo con equidad.<\/p>\n<p>Participaron del encuentro el secretario de Estado de Ciencia, Tecnolog\u00eda e Innovaci\u00f3n (SECITI), Tulio A. Del Bono; el presidente del Instituto Nacional de Tecnolog\u00eda Industrial (INTI), Rub\u00e9n Geneyro; la subsecretaria de Promoci\u00f3n de la Actividad Cient\u00edfica y Tecnol\u00f3gica de la SECITI, Marita Benavente; el subsecretario de Transferencia e Innovaci\u00f3n de la SECITI, Germ\u00e1n Von Euw; integrantes de la Consultora ISUR que acompa\u00f1an el proyecto: Rub\u00e9n Z\u00e1rate, Pablo Checura, Guillermo Venturuzzi y Antonio Arci\u00e9naga.<\/p>\n<p>&nbsp;<\/p>\n<p>&nbsp;<\/p>\n<p>&nbsp;<\/p>\n","protected":false},"excerpt":{"rendered":"<p>Los encuentros se vienen manteniendo con funcionarios nacionales a cargo de las gestiones de organismos de Ciencia y Tecnolog\u00eda, para<\/p>\n","protected":false},"author":3,"featured_media":38161,"comment_status":"closed","ping_status":"closed","sticky":false,"template":"","format":"standard","meta":{"_acf_changed":false,"_seopress_robots_primary_cat":"none","_seopress_titles_title":"","_seopress_titles_desc":"","_seopress_robots_index":"","colormag_page_container_layout":"default_layout","colormag_page_sidebar_layout":"default_layout","footnotes":""},"categories":[1],"tags":[],"class_list":["post-38159","post","type-post","status-publish","format-standard","has-post-thumbnail","hentry","category-destacadas"],"acf":[],"_links":{"self":[{"href":"https:\/\/vocesparalelas.com.ar\/sitio\/wp-json\/wp\/v2\/posts\/38159","targetHints":{"allow":["GET"]}}],"collection":[{"href":"https:\/\/vocesparalelas.com.ar\/sitio\/wp-json\/wp\/v2\/posts"}],"about":[{"href":"https:\/\/vocesparalelas.com.ar\/sitio\/wp-json\/wp\/v2\/types\/post"}],"author":[{"embeddable":true,"href":"https:\/\/vocesparalelas.com.ar\/sitio\/wp-json\/wp\/v2\/users\/3"}],"replies":[{"embeddable":true,"href":"https:\/\/vocesparalelas.com.ar\/sitio\/wp-json\/wp\/v2\/comments?post=38159"}],"version-history":[{"count":1,"href":"https:\/\/vocesparalelas.com.ar\/sitio\/wp-json\/wp\/v2\/posts\/38159\/revisions"}],"predecessor-version":[{"id":38162,"href":"https:\/\/vocesparalelas.com.ar\/sitio\/wp-json\/wp\/v2\/posts\/38159\/revisions\/38162"}],"wp:featuredmedia":[{"embeddable":true,"href":"https:\/\/vocesparalelas.com.ar\/sitio\/wp-json\/wp\/v2\/media\/38161"}],"wp:attachment":[{"href":"https:\/\/vocesparalelas.com.ar\/sitio\/wp-json\/wp\/v2\/media?parent=38159"}],"wp:term":[{"taxonomy":"category","embeddable":true,"href":"https:\/\/vocesparalelas.com.ar\/sitio\/wp-json\/wp\/v2\/categories?post=38159"},{"taxonomy":"post_tag","embeddable":true,"href":"https:\/\/vocesparalelas.com.ar\/sitio\/wp-json\/wp\/v2\/tags?post=38159"}],"curies":[{"name":"wp","href":"https:\/\/api.w.org\/{rel}","templated":true}]}}