{"id":38147,"date":"2021-05-27T21:09:09","date_gmt":"2021-05-28T00:09:09","guid":{"rendered":"http:\/\/vocesparalelas.com.ar\/sitio\/?p=38147"},"modified":"2021-05-27T21:09:09","modified_gmt":"2021-05-28T00:09:09","slug":"se-acredito-los-haberes-del-personal-de-la-unsj","status":"publish","type":"post","link":"https:\/\/vocesparalelas.com.ar\/sitio\/se-acredito-los-haberes-del-personal-de-la-unsj\/","title":{"rendered":"Se acredit\u00f3 los haberes del personal de la UNSJ"},"content":{"rendered":"<p>El secretario Administrativo Financiero de la UNSJ, CPN Pablo Pad\u00edn, dio a conocer que \u00abel Viernes, 28 de Mayo est\u00e1n acreditados los haberes del personal de la Universidad p\u00fablica. Hoy se realiz\u00f3 la transferencia de sueldos, lo cual quiere decir que ma\u00f1ana vamos a tener acreditados en todas las cuentas sueldo los haberes correspondientes al mes de mayo\u201d.<\/p>\n<p>Posteriormente valor\u00f3 que \u00abel hecho de que la Universidad, siendo el segundo presupuesto de la provincia, y que pueda pagar en estos momentos en tiempo y forma en una situaci\u00f3n econ\u00f3mica como la que estamos viviendo, tan dif\u00edcil, con gran parte del sector productivo paralizado, significa que inyectamos un flujo muy importante de dinero a la econom\u00eda sanjuanina\u201d.<\/p>\n<figure id=\"attachment_33666\" aria-describedby=\"caption-attachment-33666\" style=\"width: 800px\" class=\"wp-caption alignnone\"><img loading=\"lazy\" decoding=\"async\" class=\"wp-image-33666 size-full\" src=\"https:\/\/vocesparalelas.com.ar\/sitio\/wp-content\/uploads\/2020\/12\/UNSJ-PABLO-PADIN-20.jpg\" alt=\"\" width=\"800\" height=\"533\" srcset=\"https:\/\/vocesparalelas.com.ar\/sitio\/wp-content\/uploads\/2020\/12\/UNSJ-PABLO-PADIN-20.jpg 800w, https:\/\/vocesparalelas.com.ar\/sitio\/wp-content\/uploads\/2020\/12\/UNSJ-PABLO-PADIN-20-300x200.jpg 300w, https:\/\/vocesparalelas.com.ar\/sitio\/wp-content\/uploads\/2020\/12\/UNSJ-PABLO-PADIN-20-768x512.jpg 768w\" sizes=\"auto, (max-width: 800px) 100vw, 800px\" \/><figcaption id=\"caption-attachment-33666\" class=\"wp-caption-text\">Secretario Administrativo Financiero de la UNSJ, CPN Pablo Pad\u00edn<\/figcaption><\/figure>\n<p>\u201cAbonar (los sueldos) el \u00faltimo d\u00eda h\u00e1bil de cada mes es ya un h\u00e1bito; pero esta vez, en realidad, estamos pagando el pen\u00faltimo d\u00eda h\u00e1bil, porque el \u00faltimo es el lunes 31. Tomando las precauciones del caso y ante la situaci\u00f3n de pandemia y de cuarentena que han exigido que tanto el personal de la Universidad se encuentre trabajando en gran parte a distancia, con teletrabajo, y que en los bancos tambi\u00e9n haya una restricci\u00f3n laboral, se hizo un gran esfuerzo este fin de semana largo, trabajando a destajo. Fue desde las \u00e1reas de Liquidaci\u00f3n de haberes, de Contabilidad, de Tesorer\u00eda, el Centro de C\u00f3mputos, para llegar a tener hoy la liquidaci\u00f3n en condiciones y poder haber hecho la transferencia\u201d, coment\u00f3 Pad\u00edn.<\/p>\n<p>El funcionario resalt\u00f3 que \u00abel \u00faltimo Viernes el personal trabaj\u00f3 fuertemente a fin de acelerar procesos. Luego, despu\u00e9s de valorar que la UNSJ en su funci\u00f3n educativa no se ha detenido, destac\u00f3 que \u00ablo importante de estos equipos trabajando a destajo es tambi\u00e9n un beneficio para la misma provincia de San Juan. El hecho de que la Universidad, siendo el segundo presupuesto de la provincia, pueda pagar en estos momentos en tiempo y forma en una situaci\u00f3n econ\u00f3mica tan dif\u00edcil, con gran parte del sector productivo paralizado, significa que inyectamos un flujo muy importante de dinero a la econom\u00eda sanjuanina. Estamos hablando de que nuestra grilla salarial son 340 millones de pesos que se inyectan. Por eso es tambi\u00e9n una responsabilidad social de parte de la UNSJ. No s\u00f3lo su responsabilidad es la educaci\u00f3n, la investigaci\u00f3n y la extensi\u00f3n, sino tambi\u00e9n contribuir a que el flujo econ\u00f3mico sea alimentado con recursos que circulan dentro de una econom\u00eda tan castigada por la pandemia, como tambi\u00e9n lo son las econom\u00edas del mundo y del pa\u00eds\u201d.<\/p>\n<p>&nbsp;<\/p>\n<p>&nbsp;<\/p>\n","protected":false},"excerpt":{"rendered":"<p>El secretario Administrativo Financiero de la UNSJ, CPN Pablo Pad\u00edn, dio a conocer que \u00abel Viernes, 28 de Mayo est\u00e1n<\/p>\n","protected":false},"author":3,"featured_media":1785,"comment_status":"closed","ping_status":"closed","sticky":false,"template":"","format":"standard","meta":{"_acf_changed":false,"_seopress_robots_primary_cat":"none","_seopress_titles_title":"","_seopress_titles_desc":"","_seopress_robots_index":"","colormag_page_container_layout":"default_layout","colormag_page_sidebar_layout":"default_layout","footnotes":""},"categories":[1],"tags":[],"class_list":["post-38147","post","type-post","status-publish","format-standard","has-post-thumbnail","hentry","category-destacadas"],"acf":[],"_links":{"self":[{"href":"https:\/\/vocesparalelas.com.ar\/sitio\/wp-json\/wp\/v2\/posts\/38147","targetHints":{"allow":["GET"]}}],"collection":[{"href":"https:\/\/vocesparalelas.com.ar\/sitio\/wp-json\/wp\/v2\/posts"}],"about":[{"href":"https:\/\/vocesparalelas.com.ar\/sitio\/wp-json\/wp\/v2\/types\/post"}],"author":[{"embeddable":true,"href":"https:\/\/vocesparalelas.com.ar\/sitio\/wp-json\/wp\/v2\/users\/3"}],"replies":[{"embeddable":true,"href":"https:\/\/vocesparalelas.com.ar\/sitio\/wp-json\/wp\/v2\/comments?post=38147"}],"version-history":[{"count":1,"href":"https:\/\/vocesparalelas.com.ar\/sitio\/wp-json\/wp\/v2\/posts\/38147\/revisions"}],"predecessor-version":[{"id":38149,"href":"https:\/\/vocesparalelas.com.ar\/sitio\/wp-json\/wp\/v2\/posts\/38147\/revisions\/38149"}],"wp:featuredmedia":[{"embeddable":true,"href":"https:\/\/vocesparalelas.com.ar\/sitio\/wp-json\/wp\/v2\/media\/1785"}],"wp:attachment":[{"href":"https:\/\/vocesparalelas.com.ar\/sitio\/wp-json\/wp\/v2\/media?parent=38147"}],"wp:term":[{"taxonomy":"category","embeddable":true,"href":"https:\/\/vocesparalelas.com.ar\/sitio\/wp-json\/wp\/v2\/categories?post=38147"},{"taxonomy":"post_tag","embeddable":true,"href":"https:\/\/vocesparalelas.com.ar\/sitio\/wp-json\/wp\/v2\/tags?post=38147"}],"curies":[{"name":"wp","href":"https:\/\/api.w.org\/{rel}","templated":true}]}}