{"id":38137,"date":"2021-05-27T19:22:40","date_gmt":"2021-05-27T22:22:40","guid":{"rendered":"http:\/\/vocesparalelas.com.ar\/sitio\/?p=38137"},"modified":"2021-05-28T22:13:06","modified_gmt":"2021-05-29T01:13:06","slug":"programa-de-recuperacion-productiva-para-los-emprendimientos-del-sector-turistico-y-cultural-de-argentinan","status":"publish","type":"post","link":"https:\/\/vocesparalelas.com.ar\/sitio\/programa-de-recuperacion-productiva-para-los-emprendimientos-del-sector-turistico-y-cultural-de-argentinan\/","title":{"rendered":"Programa de Recuperaci\u00f3n Productiva para los emprendimientos del sector tur\u00edstico y cultural de Argentinan"},"content":{"rendered":"<p>En el marco de las nuevas medidas decretadas por el Gobierno nacional, el Mi\u00e9rcoles, 26 de Mayo, \u00a0se abrieron las inscripciones para el Programa de Recuperaci\u00f3n Productiva (Repro 2), que tiene entre sus destinatarios a emprendimientos del sector tur\u00edstico y cultural.<\/p>\n<p>En esta nueva etapa del programa Repro, el Ministerio de Trabajo de la Naci\u00f3n estableci\u00f3 el incremento del monto m\u00e1ximo del beneficio a $22.000 por relaci\u00f3n laboral para los empleadores encuadrados en los sectores cr\u00edticos y salud. Alcanza a los siguientes sectores:<\/p>\n<ul>\n<li>Gastronom\u00eda<\/li>\n<li>Turismo<\/li>\n<li>Transporte<\/li>\n<li>Industrias culturales<\/li>\n<li>Actividades deportivas y de esparcimiento<\/li>\n<li>Comercio de rubros no esenciales y de ramas esenciales pero que en los \u00faltimos meses han estado afectados por la ca\u00edda de la circulaci\u00f3n<\/li>\n<li>Peluquer\u00edas y centros de belleza<\/li>\n<\/ul>\n<p>Estas empresas contar\u00e1n con una reducci\u00f3n del 100% de las contribuciones patronales destinadas al Sistema Integrado Previsional Argentino (SIPA). Asimismo, se dispuso que el requerimiento de informaci\u00f3n estar\u00e1 limitado a dos indicadores: facturaci\u00f3n y liquidez corriente, y que se eximir\u00e1 de la obligaci\u00f3n de presentar un balance.<\/p>\n<p>Las inscripciones estan abiertas hasta el Martes 1\u00b0 de Junio inclusive y los trabajadores monotributistas o aut\u00f3nomos deben reunir las siguientes condiciones:<\/p>\n<ul>\n<li>Contar con al menos dos aportes en los \u00faltimos 6 meses en el r\u00e9gimen de monotributo y\/o aut\u00f3nomo.<\/li>\n<li>Presentar una reducci\u00f3n de la facturaci\u00f3n mayor al 20% en t\u00e9rminos reales, entre mayo de 2019 y del 1\u00b0 al 24 de Mayo de 2021.<\/li>\n<li>En el caso de ser empleador deber\u00e1 registrar un nivel de liquidez corriente inferior a un valor establecido por el Comit\u00e9 de evaluaci\u00f3n y seguimiento del Repro 2.<\/li>\n<\/ul>\n<p>La inscripci\u00f3n es completamente virtual y se realiza a trav\u00e9s de<\/p>\n<p><a href=\"https:\/\/www.argentina.gob.ar\/trabajo\/repro2\">https:\/\/www.argentina.gob.ar\/trabajo\/repro2<\/a><\/p>\n","protected":false},"excerpt":{"rendered":"<p>En el marco de las nuevas medidas decretadas por el Gobierno nacional, el Mi\u00e9rcoles, 26 de Mayo, \u00a0se abrieron las<\/p>\n","protected":false},"author":3,"featured_media":38139,"comment_status":"closed","ping_status":"closed","sticky":false,"template":"","format":"standard","meta":{"_acf_changed":false,"_seopress_robots_primary_cat":"none","_seopress_titles_title":"","_seopress_titles_desc":"","_seopress_robots_index":"","colormag_page_container_layout":"default_layout","colormag_page_sidebar_layout":"default_layout","footnotes":""},"categories":[5],"tags":[],"class_list":["post-38137","post","type-post","status-publish","format-standard","has-post-thumbnail","hentry","category-ofrecimientos"],"acf":[],"_links":{"self":[{"href":"https:\/\/vocesparalelas.com.ar\/sitio\/wp-json\/wp\/v2\/posts\/38137","targetHints":{"allow":["GET"]}}],"collection":[{"href":"https:\/\/vocesparalelas.com.ar\/sitio\/wp-json\/wp\/v2\/posts"}],"about":[{"href":"https:\/\/vocesparalelas.com.ar\/sitio\/wp-json\/wp\/v2\/types\/post"}],"author":[{"embeddable":true,"href":"https:\/\/vocesparalelas.com.ar\/sitio\/wp-json\/wp\/v2\/users\/3"}],"replies":[{"embeddable":true,"href":"https:\/\/vocesparalelas.com.ar\/sitio\/wp-json\/wp\/v2\/comments?post=38137"}],"version-history":[{"count":1,"href":"https:\/\/vocesparalelas.com.ar\/sitio\/wp-json\/wp\/v2\/posts\/38137\/revisions"}],"predecessor-version":[{"id":38140,"href":"https:\/\/vocesparalelas.com.ar\/sitio\/wp-json\/wp\/v2\/posts\/38137\/revisions\/38140"}],"wp:featuredmedia":[{"embeddable":true,"href":"https:\/\/vocesparalelas.com.ar\/sitio\/wp-json\/wp\/v2\/media\/38139"}],"wp:attachment":[{"href":"https:\/\/vocesparalelas.com.ar\/sitio\/wp-json\/wp\/v2\/media?parent=38137"}],"wp:term":[{"taxonomy":"category","embeddable":true,"href":"https:\/\/vocesparalelas.com.ar\/sitio\/wp-json\/wp\/v2\/categories?post=38137"},{"taxonomy":"post_tag","embeddable":true,"href":"https:\/\/vocesparalelas.com.ar\/sitio\/wp-json\/wp\/v2\/tags?post=38137"}],"curies":[{"name":"wp","href":"https:\/\/api.w.org\/{rel}","templated":true}]}}