{"id":38120,"date":"2021-05-26T22:40:04","date_gmt":"2021-05-27T01:40:04","guid":{"rendered":"http:\/\/vocesparalelas.com.ar\/sitio\/?p=38120"},"modified":"2021-05-26T22:50:06","modified_gmt":"2021-05-27T01:50:06","slug":"vacunan-con-la-2-dosis-de-covishield-en-san-juan","status":"publish","type":"post","link":"https:\/\/vocesparalelas.com.ar\/sitio\/vacunan-con-la-2-dosis-de-covishield-en-san-juan\/","title":{"rendered":"Vacunan con la 2\u00b0 dosis de Covishield en San Juan"},"content":{"rendered":"<p>El Ministerio de Salud P\u00fablica del Gobierno de San Juan informa a trav\u00e9s del Programa Provincial de Inmunizaciones que, continuando con el Plan Provincial de Vacunaci\u00f3n, a partir del Jueves, 27 de Mayo las personas que requieran la colocaci\u00f3n de la segunda dosis de la vacuna Covishield se pueden ir a vacunar una vez que se les asigne el turno.<\/p>\n<p>La confirmaci\u00f3n del mismo les llega por mensaje de texto del n\u00famero 40340, consignando el d\u00eda, horario y centro de vacunaci\u00f3n asignados.<\/p>\n<p>Es importante recordar que las personas que recibieron la primera dosis de Covishield no deben volver a inscribirse, ya que ya est\u00e1n registradas en el sistema; solo deben estar atentos a la llegada del mensaje de texto.<\/p>\n<p><img loading=\"lazy\" decoding=\"async\" class=\"alignnone wp-image-38124 size-full\" src=\"https:\/\/vocesparalelas.com.ar\/sitio\/wp-content\/uploads\/2021\/05\/vacu-nacion.jpg\" alt=\"\" width=\"650\" height=\"1024\" \/><\/p>\n<p><strong><span style=\"color: #008000;\">Requisitos<\/span><\/strong><\/p>\n<ul>\n<li>Asistir con el DNI<\/li>\n<li>Asistir con el Carnet de Vacunaci\u00f3n de COVID-19<\/li>\n<li>Asistir sin s\u00edntomas compatibles con COVID-19<\/li>\n<\/ul>\n<p><strong><span style=\"color: #008000;\">Recuerde<\/span><\/strong><\/p>\n<ul>\n<li>Si es positivo de COVID-19 debe esperar 14 d\u00edas<\/li>\n<li>Si es contacto estrecho de un paciente positivo debe esperar 10 d\u00edas sino presenta s\u00edntomas. Si presentas s\u00edntomas, debe esperar 14 d\u00edas.<\/li>\n<li>Si se coloc\u00f3 la vacuna antigripal debe esperar 14 d\u00edas.<\/li>\n<\/ul>\n<p>&nbsp;<\/p>\n<p><iframe loading=\"lazy\" title=\"SAN JUAN VACUNACI\u00d3N\" width=\"800\" height=\"450\" src=\"https:\/\/www.youtube.com\/embed\/p54iJK0GvQ8?feature=oembed\" frameborder=\"0\" allow=\"accelerometer; autoplay; clipboard-write; encrypted-media; gyroscope; picture-in-picture\" allowfullscreen><\/iframe><\/p>\n","protected":false},"excerpt":{"rendered":"<p>El Ministerio de Salud P\u00fablica del Gobierno de San Juan informa a trav\u00e9s del Programa Provincial de Inmunizaciones que, continuando<\/p>\n","protected":false},"author":3,"featured_media":37498,"comment_status":"closed","ping_status":"closed","sticky":false,"template":"","format":"video","meta":{"_acf_changed":false,"_seopress_robots_primary_cat":"none","_seopress_titles_title":"","_seopress_titles_desc":"","_seopress_robots_index":"","colormag_page_container_layout":"default_layout","colormag_page_sidebar_layout":"default_layout","footnotes":""},"categories":[2,7],"tags":[],"class_list":["post-38120","post","type-post","status-publish","format-video","has-post-thumbnail","hentry","category-convocatorias","category-videos","post_format-post-format-video"],"acf":[],"_links":{"self":[{"href":"https:\/\/vocesparalelas.com.ar\/sitio\/wp-json\/wp\/v2\/posts\/38120","targetHints":{"allow":["GET"]}}],"collection":[{"href":"https:\/\/vocesparalelas.com.ar\/sitio\/wp-json\/wp\/v2\/posts"}],"about":[{"href":"https:\/\/vocesparalelas.com.ar\/sitio\/wp-json\/wp\/v2\/types\/post"}],"author":[{"embeddable":true,"href":"https:\/\/vocesparalelas.com.ar\/sitio\/wp-json\/wp\/v2\/users\/3"}],"replies":[{"embeddable":true,"href":"https:\/\/vocesparalelas.com.ar\/sitio\/wp-json\/wp\/v2\/comments?post=38120"}],"version-history":[{"count":3,"href":"https:\/\/vocesparalelas.com.ar\/sitio\/wp-json\/wp\/v2\/posts\/38120\/revisions"}],"predecessor-version":[{"id":38125,"href":"https:\/\/vocesparalelas.com.ar\/sitio\/wp-json\/wp\/v2\/posts\/38120\/revisions\/38125"}],"wp:featuredmedia":[{"embeddable":true,"href":"https:\/\/vocesparalelas.com.ar\/sitio\/wp-json\/wp\/v2\/media\/37498"}],"wp:attachment":[{"href":"https:\/\/vocesparalelas.com.ar\/sitio\/wp-json\/wp\/v2\/media?parent=38120"}],"wp:term":[{"taxonomy":"category","embeddable":true,"href":"https:\/\/vocesparalelas.com.ar\/sitio\/wp-json\/wp\/v2\/categories?post=38120"},{"taxonomy":"post_tag","embeddable":true,"href":"https:\/\/vocesparalelas.com.ar\/sitio\/wp-json\/wp\/v2\/tags?post=38120"}],"curies":[{"name":"wp","href":"https:\/\/api.w.org\/{rel}","templated":true}]}}