{"id":38112,"date":"2021-05-26T22:20:11","date_gmt":"2021-05-27T01:20:11","guid":{"rendered":"http:\/\/vocesparalelas.com.ar\/sitio\/?p=38112"},"modified":"2021-05-26T22:20:11","modified_gmt":"2021-05-27T01:20:11","slug":"se-firmo-un-contrato-de-asesoramiento-con-el-municipio-de-cutral-co","status":"publish","type":"post","link":"https:\/\/vocesparalelas.com.ar\/sitio\/se-firmo-un-contrato-de-asesoramiento-con-el-municipio-de-cutral-co\/","title":{"rendered":"Se firm\u00f3 un contrato de asesoramiento con el municipio de Cutral Co"},"content":{"rendered":"<p>el gobernador Sergio U\u00f1ac firm\u00f3 un contrato de asesoramiento con el municipio de Cutral Co para la construcci\u00f3n del primer parque solar fotovoltaico de la provincia de Neuqu\u00e9n, en el sur argentino.<\/p>\n<p>El mismo busca, a trav\u00e9s del EPSE, proveer asesoramiento en el \u00e1rea de ingenier\u00eda b\u00e1sica y confecci\u00f3n de pliegos, como as\u00ed tambi\u00e9n asesoramiento en materia de licitaci\u00f3n y adjudicaci\u00f3n, inspecci\u00f3n de la obra de construcci\u00f3n y comercializaci\u00f3n de la energ\u00eda generada.<\/p>\n<p>Acompa\u00f1aron al gobernador, el presidente de EPSE, V\u00edctor Do\u00f1a; el intendente de la Municipalidad de Cutral Co, Jos\u00e9 H\u00e9ctor Rioseco; el presidente del Consejo Deliberante de la ciudad de Cutral Co, Jes\u00fas San Mart\u00edn y el secretario de Saneamiento y Desarrollo Industrial de la Municipalidad de Cutral Co, Walter Mardones.<\/p>\n<p><img loading=\"lazy\" decoding=\"async\" class=\"alignnone wp-image-38116 size-full\" src=\"https:\/\/vocesparalelas.com.ar\/sitio\/wp-content\/uploads\/2021\/05\/SAN-NEUQUEN-03.jpg\" alt=\"\" width=\"800\" height=\"534\" srcset=\"https:\/\/vocesparalelas.com.ar\/sitio\/wp-content\/uploads\/2021\/05\/SAN-NEUQUEN-03.jpg 800w, https:\/\/vocesparalelas.com.ar\/sitio\/wp-content\/uploads\/2021\/05\/SAN-NEUQUEN-03-300x200.jpg 300w, https:\/\/vocesparalelas.com.ar\/sitio\/wp-content\/uploads\/2021\/05\/SAN-NEUQUEN-03-768x513.jpg 768w\" sizes=\"auto, (max-width: 800px) 100vw, 800px\" \/><\/p>\n<p><img loading=\"lazy\" decoding=\"async\" class=\"alignnone wp-image-38118 size-full\" src=\"https:\/\/vocesparalelas.com.ar\/sitio\/wp-content\/uploads\/2021\/05\/SAN-NEUQUEN-04.jpg\" alt=\"\" width=\"800\" height=\"534\" srcset=\"https:\/\/vocesparalelas.com.ar\/sitio\/wp-content\/uploads\/2021\/05\/SAN-NEUQUEN-04.jpg 800w, https:\/\/vocesparalelas.com.ar\/sitio\/wp-content\/uploads\/2021\/05\/SAN-NEUQUEN-04-300x200.jpg 300w, https:\/\/vocesparalelas.com.ar\/sitio\/wp-content\/uploads\/2021\/05\/SAN-NEUQUEN-04-768x513.jpg 768w\" sizes=\"auto, (max-width: 800px) 100vw, 800px\" \/><\/p>\n<p><img loading=\"lazy\" decoding=\"async\" class=\"alignnone wp-image-38117 size-full\" src=\"https:\/\/vocesparalelas.com.ar\/sitio\/wp-content\/uploads\/2021\/05\/SAN-NEUQUEN-06.jpg\" alt=\"\" width=\"800\" height=\"534\" srcset=\"https:\/\/vocesparalelas.com.ar\/sitio\/wp-content\/uploads\/2021\/05\/SAN-NEUQUEN-06.jpg 800w, https:\/\/vocesparalelas.com.ar\/sitio\/wp-content\/uploads\/2021\/05\/SAN-NEUQUEN-06-300x200.jpg 300w, https:\/\/vocesparalelas.com.ar\/sitio\/wp-content\/uploads\/2021\/05\/SAN-NEUQUEN-06-768x513.jpg 768w\" sizes=\"auto, (max-width: 800px) 100vw, 800px\" \/><\/p>\n<p>Durante la firma, U\u00f1ac augur\u00f3 que \u201cser\u00e1 una gran oportunidad para poder exportar lo que hemos aprendido respecto a las energ\u00edas renovables, con un equipo de trabajo que lo ha dejado todo y hasta se ha capacitado en el exterior\u201d.<\/p>\n<p>Luego, agradeci\u00f3 la importancia de la confianza vertida sobre la provincia de San Juan e invit\u00f3 al intendente a seguir trabajando codo a codo.<\/p>\n<p>A su vez, Rioseco detall\u00f3 el proceso que culmin\u00f3 con la firma convenio al indicar que \u201ccomenzamos desde hace alg\u00fan tiempo a trabajar con EPSE para ver la posibilidad de crear un parque solar, siempre asesorados por la provincia de San Juan. Hemos avanzado bastante hasta este momento, en que decidimos empezar a suscribir los primeros convenios en cuanto a la factibilidad y as\u00ed llegar a la primera etapa, que es la de la licitaci\u00f3n, luego a la de evaluaci\u00f3n de la mano de EPSE para desarrollar totalmente el parque en nuestra localidad\u201d.<\/p>\n<p>\u201cEste emprendimiento es para nosotros innovador, de modo que San Juan es exportadora de tecnolog\u00eda en la materia, lo cual es muy auspicioso para nuestro municipio. Hemos sido muy bien recibidos por el gobernador U\u00f1ac quien hizo un espacio en su agenda. Creo que \u00e9l entiende los beneficios de exportar conocimientos y experiencia al resto del pa\u00eds\u201d, a\u00f1adi\u00f3 el intendente neuquino.<\/p>\n<p>El Municipio de Cutral Co, ubicado en la provincia de Neuqu\u00e9n, busca construir el primer parque solar fotovoltaico de la zona, el m\u00e1s austral del mundo, con una potencia a instalar de 3MWp, similar al ubicado en el Centro Ambiental Anchipurac.<\/p>\n<p>Con ese fin, el intendente Rioseco mantuvo el primer contacto con San Juan en noviembre de 2019. EPSE brind\u00f3 asesoramiento para detallar el trabajo realizado en materia solar fotovoltaica, lo que ha logrado posicionar a la provincia de San Juan como pionera en el desarrollo las energ\u00edas renovables.<\/p>\n<p>&nbsp;<\/p>\n<p><img loading=\"lazy\" decoding=\"async\" class=\"alignnone wp-image-38114 size-full\" src=\"https:\/\/vocesparalelas.com.ar\/sitio\/wp-content\/uploads\/2021\/05\/SAN-NEIQUEN-01.jpg\" alt=\"\" width=\"800\" height=\"534\" srcset=\"https:\/\/vocesparalelas.com.ar\/sitio\/wp-content\/uploads\/2021\/05\/SAN-NEIQUEN-01.jpg 800w, https:\/\/vocesparalelas.com.ar\/sitio\/wp-content\/uploads\/2021\/05\/SAN-NEIQUEN-01-300x200.jpg 300w, https:\/\/vocesparalelas.com.ar\/sitio\/wp-content\/uploads\/2021\/05\/SAN-NEIQUEN-01-768x513.jpg 768w\" sizes=\"auto, (max-width: 800px) 100vw, 800px\" \/><\/p>\n<p>&nbsp;<\/p>\n<p>&nbsp;<\/p>\n<p>&nbsp;<\/p>\n<p>&nbsp;<\/p>\n","protected":false},"excerpt":{"rendered":"<p>el gobernador Sergio U\u00f1ac firm\u00f3 un contrato de asesoramiento con el municipio de Cutral Co para la construcci\u00f3n del primer<\/p>\n","protected":false},"author":3,"featured_media":38115,"comment_status":"closed","ping_status":"closed","sticky":false,"template":"","format":"standard","meta":{"_acf_changed":false,"_seopress_robots_primary_cat":"none","_seopress_titles_title":"","_seopress_titles_desc":"","_seopress_robots_index":"","colormag_page_container_layout":"default_layout","colormag_page_sidebar_layout":"default_layout","footnotes":""},"categories":[1],"tags":[],"class_list":["post-38112","post","type-post","status-publish","format-standard","has-post-thumbnail","hentry","category-destacadas"],"acf":[],"_links":{"self":[{"href":"https:\/\/vocesparalelas.com.ar\/sitio\/wp-json\/wp\/v2\/posts\/38112","targetHints":{"allow":["GET"]}}],"collection":[{"href":"https:\/\/vocesparalelas.com.ar\/sitio\/wp-json\/wp\/v2\/posts"}],"about":[{"href":"https:\/\/vocesparalelas.com.ar\/sitio\/wp-json\/wp\/v2\/types\/post"}],"author":[{"embeddable":true,"href":"https:\/\/vocesparalelas.com.ar\/sitio\/wp-json\/wp\/v2\/users\/3"}],"replies":[{"embeddable":true,"href":"https:\/\/vocesparalelas.com.ar\/sitio\/wp-json\/wp\/v2\/comments?post=38112"}],"version-history":[{"count":1,"href":"https:\/\/vocesparalelas.com.ar\/sitio\/wp-json\/wp\/v2\/posts\/38112\/revisions"}],"predecessor-version":[{"id":38119,"href":"https:\/\/vocesparalelas.com.ar\/sitio\/wp-json\/wp\/v2\/posts\/38112\/revisions\/38119"}],"wp:featuredmedia":[{"embeddable":true,"href":"https:\/\/vocesparalelas.com.ar\/sitio\/wp-json\/wp\/v2\/media\/38115"}],"wp:attachment":[{"href":"https:\/\/vocesparalelas.com.ar\/sitio\/wp-json\/wp\/v2\/media?parent=38112"}],"wp:term":[{"taxonomy":"category","embeddable":true,"href":"https:\/\/vocesparalelas.com.ar\/sitio\/wp-json\/wp\/v2\/categories?post=38112"},{"taxonomy":"post_tag","embeddable":true,"href":"https:\/\/vocesparalelas.com.ar\/sitio\/wp-json\/wp\/v2\/tags?post=38112"}],"curies":[{"name":"wp","href":"https:\/\/api.w.org\/{rel}","templated":true}]}}